{"id":7277,"date":"2023-04-27T19:09:44","date_gmt":"2023-04-27T19:09:44","guid":{"rendered":"https:\/\/incarnationconsciente.ch\/?p=7277"},"modified":"2024-11-06T22:03:03","modified_gmt":"2024-11-06T22:03:03","slug":"les-vaccins-et-leurs-effets","status":"publish","type":"post","link":"https:\/\/incarnationconsciente.ch\/index.php\/2023\/04\/27\/les-vaccins-et-leurs-effets\/","title":{"rendered":"Les vaccins et leurs effets"},"content":{"rendered":"<div id=\"pl-7277\"  class=\"panel-layout\" ><div id=\"pg-7277-0\"  class=\"panel-grid panel-no-style\" ><div id=\"pgc-7277-0-0\"  class=\"panel-grid-cell\" ><div id=\"panel-7277-0-0-0\" class=\"so-panel widget widget_text panel-first-child\" data-index=\"0\" >\t\t\t<div class=\"textwidget\"><\/div>\n\t\t<\/div><div id=\"panel-7277-0-0-1\" class=\"so-panel widget widget_sow-editor\" data-index=\"1\" ><div\n\t\t\t\n\t\t\tclass=\"so-widget-sow-editor so-widget-sow-editor-base\"\n\t\t\t\n\t\t><h3 class=\"widget-title\">Les vaccins et leurs effets<\/h3>\n<div class=\"siteorigin-widget-tinymce textwidget\">\n\t<h3><\/h3>\n<h3 style=\"text-align: center;\">Ce qu'il faut savoir pour pouvoir prendre une d\u00e9cision raisonnable<br \/>\npour soi-m\u00eame en tant que future m\u00e8re et pour son enfant.<\/h3>\n<p>&nbsp;<\/p>\n<p>Ind\u00e9pendamment du sens ou du non-sens des vaccins, que l'on soit pour ou contre, celui qui se pose simplement des questions et suit son bon sens, constatera rapidement que les vaccins comportent certains risques.<\/p>\n<p>Une toute nouvelle compr\u00e9hension s'ouvre \u00e0 ceux qui \u00e9tudient les statistiques des cas de maladie au cours des 200 derni\u00e8res ann\u00e9es, qui recherchent l'origine du concept de virus et qui d\u00e9couvrent ce qui se cache r\u00e9ellement derri\u00e8re les maladies dites contagieuses sur lesquelles ont \u00e9t\u00e9 construit le principe et l'industrie de la vaccination.<\/p>\n<p>&nbsp;<\/p>\n<h3>Adjuvants\u00a0dans les vaccins<\/h3>\n<p>Les vaccins, quel que soit l'\"agent pathog\u00e8ne\", contiennent des adjuvants, des additifs et des substances auxiliaires qui sont soi-disant utilis\u00e9s pour la conservation et la stimulation immunitaire. De quelles substances s'agit-il ? Les diff\u00e9rents vaccins ne contiennent pas toujours toutes les substances mentionn\u00e9es ci-dessous.<\/p>\n<ul>\n<li><strong>Thim\u00e9rosal \/ thiomersal<\/strong>\u00a0 - compos\u00e9 pour moiti\u00e9 de mercure; tr\u00e8s toxique; endommage les nerfs et le cerveau.<\/li>\n<li><strong>Glutamate monosodique <\/strong>- nocif pour les nerfs et le cerveau; souvent d\u00e9guis\u00e9 en extrait de levure.<\/li>\n<li><strong>Hydroxyde d'aluminium, phosphate d'aluminium et sels d'aluminium<\/strong>\u00a0- co-causes possibles de la d\u00e9mence et de la maladie d'Alzheimer.<\/li>\n<li><strong>Cas\u00e9ine<\/strong>, une prot\u00e9ine du lait.<\/li>\n<li><strong>Formald\u00e9hyde<\/strong>\u00a0- substance nocive pour le cerveau et canc\u00e9rig\u00e8ne.<\/li>\n<li><strong>Acide citrique E333<\/strong> - augmente l'absorption d'aluminium dans le corps; est produit \u00e0 partir de moisissure noire.<\/li>\n<li><strong>N\u00e9omycine<\/strong>, un antibiotique - risque de tachycardie et de vomissements s'il p\u00e9n\u00e8tre dans la circulation sanguine.<\/li>\n<li><strong>Ac\u00e9tone<\/strong>, un solvant toxique.<\/li>\n<li><strong>Composants animaux<\/strong> : s\u00e9rum de tissu f\u0153tal bovin, cellules r\u00e9nales de singe, blanc d'\u0153uf de poule, g\u00e9latine.<\/li>\n<li style=\"text-align: left;\"><strong>Composants humains<\/strong> : albumine humaine (prot\u00e9ine humaine dans le sang), cellules diplo\u00efdes humaines provenant de f\u0153tus humains avort\u00e9s.<\/li>\n<\/ul>\n<p style=\"text-align: right;\">Source : <i><a href=\"https:\/\/bewusstschwanger.ch\/index.php\/2023\/04\/27\/impfungen-und-ihre-auswirkungen\/\" target=\"_blank\" rel=\"noopener\">Video d'Epoch Times Deutsch<\/a>, du 26.02.2019<span class=\"Apple-converted-space\">\u00a0<\/span><\/i><\/p>\n<p>&nbsp;<\/p>\n<p>En outre, on a pu constater derni\u00e8rement une pr\u00e9sence accrue de <strong>glysophate<\/strong> (poison v\u00e9g\u00e9tal). En bref, nombre de ces additifs ont un effet toxique et n'ont tout simplement pas leur place dans un corps humain, ni dans une femme enceinte et encore moins dans celui d'un nouveau-n\u00e9, d'un nourrisson ou d'un enfant.<\/p>\n<p>&nbsp;<\/p>\n<p>Souvent les 'agents de conservation', les nanoparticules, les sels d'aluminium, etc. contenus dans les vaccins sont transport\u00e9s par les nerfs jusqu'au cerveau et s'y accumulent.<\/p>\n<p><span style=\"color: #808080;\"><em>Remarque: Selon le Dr Stefan Lanka, aussi la fameuse barri\u00e8re h\u00e9mato-enc\u00e9phalique est \u00e0 questionner. Sinon, comment pourrait-on trouver toutes ces nanoparticules dans le cerveau lors d'autopsies. (Magazine WissenSchaftPlus, 3\/2016)<\/em><\/span><\/p>\n<p>&nbsp;<\/p>\n<p style=\"text-align: left;\"><img decoding=\"async\" class=\"size-medium wp-image-7384 alignright\" src=\"https:\/\/incarnationconsciente.ch\/wp-content\/uploads\/2023\/04\/statistique-autism-usa-300x151.png\" alt=\"vaccins autism\" width=\"300\" height=\"151\" srcset=\"https:\/\/incarnationconsciente.ch\/wp-content\/uploads\/2023\/04\/statistique-autism-usa-300x151.png 300w, https:\/\/incarnationconsciente.ch\/wp-content\/uploads\/2023\/04\/statistique-autism-usa-1024x515.png 1024w, https:\/\/incarnationconsciente.ch\/wp-content\/uploads\/2023\/04\/statistique-autism-usa-768x386.png 768w, https:\/\/incarnationconsciente.ch\/wp-content\/uploads\/2023\/04\/statistique-autism-usa-1536x772.png 1536w, https:\/\/incarnationconsciente.ch\/wp-content\/uploads\/2023\/04\/statistique-autism-usa-750x377.png 750w, https:\/\/incarnationconsciente.ch\/wp-content\/uploads\/2023\/04\/statistique-autism-usa-400x201.png 400w, https:\/\/incarnationconsciente.ch\/wp-content\/uploads\/2023\/04\/statistique-autism-usa-430x216.png 430w, https:\/\/incarnationconsciente.ch\/wp-content\/uploads\/2023\/04\/statistique-autism-usa-150x75.png 150w, https:\/\/incarnationconsciente.ch\/wp-content\/uploads\/2023\/04\/statistique-autism-usa-100x50.png 100w, https:\/\/incarnationconsciente.ch\/wp-content\/uploads\/2023\/04\/statistique-autism-usa.png 1617w\" sizes=\"(max-width: 300px) 100vw, 300px\" \/>Neil Z. Miller \u00e9crit dans \"Kritische Impfstudien\" (\u00e9tudes critiques sur les vaccins) : \"Dans la 4e \u00e9tude, des scientifiques ont administr\u00e9 \u00e0 des b\u00e9b\u00e9s singes des vaccins p\u00e9diatriques adapt\u00e9s \u00e0 leur \u00e2ge, conform\u00e9ment au programme complet de vaccination des enfants recommand\u00e9 par les \u00c9tats-Unis. Les primates vaccin\u00e9s pr\u00e9sentaient des anomalies dans la r\u00e9gion du cerveau qui affectaient le d\u00e9veloppement social et \u00e9motionnel, ainsi qu'une augmentation significative du volume total du cerveau. Une augmentation acc\u00e9l\u00e9r\u00e9e du volume c\u00e9r\u00e9bral total entre le 6e et le 14e mois de vie est une constatation concordante chez de nombreux enfants atteints d'autisme\".<\/p>\n<p>Les tissus nerveux et c\u00e9r\u00e9braux sont les premiers touch\u00e9s et pr\u00e9sentent les plus fortes cons\u00e9quences des effets toxiques, car ils sont de loin les tissus les plus actifs sur le plan m\u00e9tabolique de tout le corps. Ils ont un m\u00e9tabolisme \u00e9nerg\u00e9tique de plus de 30% sup\u00e9rieur \u00e0 celui des tissus et des cellules du foie, par exemple.<\/p>\n<p>&nbsp;<\/p>\n<h4>R\u00e9actions corporelles \u00e0 la vaccination<\/h4>\n<p>Ce qui est pr\u00e9sent\u00e9 comme une soi-disant r\u00e9action \u00e0 la vaccination, comme par exemple la fi\u00e8vre, les douleurs, la rougeur \u00e0 l'endroit de la piq\u00fbre, etc., n'est en r\u00e9alit\u00e9 que la r\u00e9action du corps qui \u00ab fait face \u00bb \u00e0 l'intoxication et essaie de r\u00e9parer les dommages survenus. Pour ce faire, le corps a besoin de beaucoup de prot\u00e9ines, ce qui explique pourquoi, d'un point de vue biochimique, il y a une augmentation massive des prot\u00e9ines. Ce processus s'explique bien par la Biologie Universelle. La r\u00e9action vaccinale n'a rien \u00e0 voir avec un soi-disant syst\u00e8me immunitaire ou un \u00ab virus \u00bb, mais se produirait \u00e9galement si seuls les adjuvants \u00e9taient inject\u00e9s dans le corps.<\/p>\n<p><span style=\"color: #808080;\"><em>Remarque : Les quantit\u00e9s de toxines contenues dans la plupart des vaccins sont suffisantes pour tuer un adulte sur le coup si le m\u00e9lange est inject\u00e9 par erreur dans une veine au lieu d'\u00eatre inject\u00e9 dans un muscle. (Magazine WissenSchaftPlus, 3\/2016)<\/em><\/span><\/p>\n<p>&nbsp;<\/p>\n<\/div>\n<\/div><\/div><div id=\"panel-7277-0-0-2\" class=\"so-panel widget widget_sow-editor\" data-index=\"2\" ><div\n\t\t\t\n\t\t\tclass=\"so-widget-sow-editor so-widget-sow-editor-base\"\n\t\t\t\n\t\t>\n<div class=\"siteorigin-widget-tinymce textwidget\">\n\t<p>Regardons maintenant la situation de l'autre c\u00f4t\u00e9 : Des \u00e9tudes de 2020 aux Etats-Unis ont montr\u00e9 que les enfants et adultes qui n'ont jamais \u00e9t\u00e9 vaccin\u00e9s, ni leur m\u00e8re, ni l'injection du \"vitamine K\" suite \u00e0 la naissance, - ce sont \u00e0 peu pr\u00e8s 100.000 Am\u00e9ricains, - sont en meilleure sant\u00e9. Le taux de maladies chroniques n'est que de 2 %.<\/p>\n<p>&nbsp;<\/p>\n<h4><em><span style=\"color: #800000;\">L'injection de vitamine K<\/span><\/em><\/h4>\n<p><em>Ce n'est pas un vaccin en soi, mais il doit tout de m\u00eame \u00eatre pris en compte.<\/em><\/p>\n<p><span style=\"color: #800000;\"><em>L'injection de vitamine K pour les nouveau-n\u00e9s contient notamment de l'alcool benzylique et des nanoparticules d'aluminium, de mercure, de formald\u00e9hyde, de MSG et de polysorbate 80. La dose de vitamine K synth\u00e9tique est 1000 fois sup\u00e9rieure \u00e0 celle qui serait administr\u00e9e aux adultes. - Uniquement 1 de 30000 enfants n\u00e9 avec un d\u00e9ficit du vitamine K.\u00a0<\/em><\/span><\/p>\n<p><em>Facteurs pouvant provoquer une carence en vitamine K : Les toxines m\u00e9dicamenteuses et environnementales peuvent \u00e9puiser les r\u00e9serves existantes de vitamine K chez la femme enceinte et provoquer ainsi une carence dans le lait maternel et chez le nourrisson. Apr\u00e8s la naissance, le nouveau-n\u00e9 a un besoin accru de vitamine K en raison du stress \u00e9ventuel de l'accouchement. La nature a d\u00e9j\u00e0 pris des dispositions \u00e0 cet \u00e9gard sous la forme du colostrum du lait maternel. Le colostrum est relativement riche en vitamine K naturelle. Si la m\u00e8re a une alimentation saine et qu'elle a \u00e9vit\u00e9 les m\u00e9dicaments pendant la grossesse, une carence en vitamine K est tr\u00e8s improbable. <\/em><\/p>\n<h6 style=\"text-align: right;\"><em>Source : \"Kritik der Arzneiroutine\" de l'hom\u00e9opath et gyn\u00e9cologue Dr. med. Friedrich P. Graf<\/em><\/h6>\n<p>&nbsp;<\/p>\n<p style=\"text-align: center;\">* \u00a0* \u00a0*<\/p>\n<p>&nbsp;<\/p>\n<p>Outre les sympt\u00f4mes d'intoxication, la mani\u00e8re dont le processus de vaccination est v\u00e9cu psychiquement peut entra\u00eener des troubles physiques et des sympt\u00f4mes de maladie ult\u00e9rieurs.<\/p>\n<div class=\"siteorigin-widget-tinymce textwidget\">\n<h3><\/h3>\n<\/div>\n<h3>Empreintes et effets physiques<\/h3>\n<p>Selon les conditions dans lesquelles l'enfant (ou l'adulte) a v\u00e9cu l'administration du vaccin et ce qu'il a ressenti \u00e0 cette occasion (comme un choc, dans l'incompr\u00e9hension et la solitude int\u00e9rieure), les empreintes les plus diverses peuvent se former et les processus biologiquement n\u00e9cessaires (selon la Biologie Universelle, \u00e9galement connue sous le nom de Nouvelle m\u00e9decine selon le Dr Hamer) peuvent \u00eatre mis en route dans le corps, ce qui provoque par la suite les \u00ab sympt\u00f4mes de maladie \u00bb les plus divers.<\/p>\n<p>Les b\u00e9b\u00e9s et les enfants per\u00e7oivent plus souvent que les adultes l'administration de vaccins comme une menace existentielle (violence, douleur, perte de confiance envers la m\u00e8re). Selon comment cette exp\u00e9rience est per\u00e7ue, selon les conflits biologiques qui se d\u00e9clenchent alors, <strong>des<\/strong> <strong>sympt\u00f4mes apparaissent<\/strong><strong>\u00a0imm\u00e9diatement <\/strong>: paralysie, probl\u00e8mes respiratoires et circulatoires, troubles digestifs, modifications du comportement et du caract\u00e8re comme l'autisme par exemple. D'autres 'processus biologiquement n\u00e9cessaires', en revanche, ne pr\u00e9sentent leurs sympt\u00f4mes et troubles typiques (de la m\u00e9ningite \u00e0 la mort subite du nourrisson) que <strong>des semaines ou des mois apr\u00e8s<\/strong> leur d\u00e9clenchement, \u00e0 savoir lorsque l'enfant, ou ses parents, se sentent \u00e0 nouveau en s\u00e9curit\u00e9 (par exemple quand les autorit\u00e9s officielles annoncent qu'un danger est \u00e9cart\u00e9).<\/p>\n<p>Outre les sympt\u00f4mes physiques, l'enfant est marqu\u00e9 psychiquement par le processus de vaccination, ce qui se r\u00e9percute \u00e0 son tour sur sa vie et son comportement.<\/p>\n<p>Exemples :<\/p>\n<ul>\n<li>Si <strong>l'enfant a \u00e9t\u00e9 maintenu<\/strong>\u00a0de telle fa\u00e7on qu'il ne pouvait plus bouger, cela peut induire un conflit moteur. Celui-ci peut engendrer des sentiments d'impuissance, un refus de contact et de la col\u00e8re envers la personne concern\u00e9e ou envers des personnes \u00e9trang\u00e8res du m\u00eame sexe ou m\u00e9tier. Si le conflit est profond\u00e9ment ancr\u00e9, des paralysies et des spasmes peuvent appara\u00eetre plus tard au niveau physique.<\/li>\n<\/ul>\n<p>&nbsp;<\/p>\n<ul>\n<li>Si l'enfant a \u00e9t\u00e9 <strong>surpris par l'injection<\/strong>, un conflit de peur ou de territoire est possible. Ayant \u00e9t\u00e9 effray\u00e9, il devient d\u00e9sormais anxieux lorsque quelqu'un s'approche de lui, ou qu'il est soumis \u00e0 des conditions de lumi\u00e8re, des odeurs ou des bruits similaires que lors de cet \u00e9v\u00e9nement traumatisant. Il ne se sent plus en s\u00e9curit\u00e9 dans son propre espace de vie. Tant que la situation n'est pas clarifi\u00e9e sur le plan \u00e9nerg\u00e9tique et psychique, il reste dans un \u00e9tat de peur d'\u00eatre \u00e0 nouveau bafou\u00e9 dans son int\u00e9grit\u00e9 \u00e0 tout moment par une transgression.<\/li>\n<\/ul>\n<p>&nbsp;<\/p>\n<ul>\n<li>Si l'enfant a <strong>r\u00e9sist\u00e9 \u00e0 la vaccination<\/strong>, il peut en r\u00e9sulter un diab\u00e8te dans le cas le plus extr\u00eame. Comme empreinte psycho-\u00e9nerg\u00e9tique, on trouve une impuissance \"de toute fa\u00e7on, je ne peux rien faire contre \u00e7a\", un \"je dois me rendre\" ou au contraire il peut vouloir \"s'opposer \u00e0 tout ce que maman demande d\u00e9sormais\".<\/li>\n<\/ul>\n<p>&nbsp;<\/p>\n<ul>\n<li>S'il existe d\u00e9j\u00e0 un conflit de territoire (l'int\u00e9grit\u00e9 de l'enfant n'a pas \u00e9t\u00e9 respect\u00e9e) datant de la grossesse ou de la naissance et que l'enfant a eu <strong>une peur bleue \u00e0 cause de la piq\u00fbre<\/strong>, il peut en r\u00e9sulter dans le pire des cas un autisme. (Tant les effets des toxines contenues dans les vaccins qu'un choc psycho-corporel peuvent provoquer l'autisme). Tout d\u00e9pend de l'intensit\u00e9 avec laquelle l'enfant vit l'intervention m\u00e9dicale, ce deuxi\u00e8me conflit dans son syst\u00e8me, et de la mani\u00e8re dont il se sent encore en s\u00e9curit\u00e9 aupr\u00e8s de sa m\u00e8re, ou comment la m\u00e8re l'accompagne dans ce processus.<\/li>\n<\/ul>\n<p>&nbsp;<\/p>\n<ul>\n<li>S'il y a un conflit d'identit\u00e9 et que l'injection a \u00e9t\u00e9 v\u00e9cue comme une <strong>intrusion dans son propre territoire<\/strong>, il en r\u00e9sulte une constellation bio-agressive. Selon l'intensit\u00e9 v\u00e9cue, l'enfant peut avoir par la suite une tendance \u00e0 s'automutiler.<\/li>\n<\/ul>\n<p>&nbsp;<\/p>\n<ul>\n<li>Si la piq\u00fbre a \u00e9t\u00e9 <strong>v\u00e9cue comme une attaque\/agression<\/strong>, une fois que l'enfant s'est remis de ce qu'il a v\u00e9cu et qu'il est \u00e0 nouveau en s\u00e9curit\u00e9, il apparait un zona.<\/li>\n<\/ul>\n<p>&nbsp;<\/p>\n<p>L'exp\u00e9rience de la vaccination, avec toutes ses sensations conflictuelles, laisse des traces non seulement sur le plan physique, mais aussi sur le plan psychique et \u00e9nerg\u00e9tique. Il se peut ainsi que certaines parties de l'\u00e2me soient \"gel\u00e9es\" ou dissoci\u00e9es. Les drainages habituels des toxines des vaccins et les rem\u00e8des pour soulager les sympt\u00f4mes (tel que des sels de Sch\u00fcssler, des rem\u00e8des anthroposophiques ou hom\u00e9opathiques, ...) ne peuvent alors avoir qu'un effet limit\u00e9, car la partie psychique qui aurait en fait besoin de gu\u00e9rison n'est pas accessible dans la mati\u00e8re. Il faut toujours commencer par trouver et clarifier le conflit int\u00e9rieur, c'est-\u00e0-dire le sentiment de l'\u00e2me lors de cet \u00e9v\u00e9nement et ensuite d\u00e9toxiquer le corps \u00e0 l'aide de z\u00e9olithe, chlorella, etc..<\/p>\n<p>&nbsp;<\/p>\n<p>Le mieux et le plus sain pour une future m\u00e8re et son b\u00e9b\u00e9, ainsi que pour les enfants en g\u00e9n\u00e9ral, serait de renoncer totalement \u00e0 une telle intervention.<\/p>\n<p>&nbsp;<\/p>\n<h5>Et qu'en est-il de la protection contre les dangereux virus et maladies infantiles ?<\/h5>\n<p>Pour r\u00e9pondre \u00e0 cette question, je vous invite \u00e0 vous pencher sur la Biologie Universelle afin de comprendre l'origine de ces \u00ab maladies \u00bb. Vous trouverez \u00e0 cet effet quelques liens en annexe.<\/p>\n<p>&nbsp;<\/p>\n<h5>Qu'en est-il du vaccin contre la grippe pour les femmes enceintes ?<\/h5>\n<p>Le vaccin contre la grippe existe maintenant depuis 78 ans. Et la grippe existe toujours. On peut donc se demander si ce vaccin est vraiment efficace et s'il a provoqu\u00e9 jusqu'\u00e0 pr\u00e9sent des effets secondaires ind\u00e9sirables. Voici un <a href=\"https:\/\/www.impf-info.de\/die-impfungen\/grippe\/236-grippeimpfung-in-der-schwangerschaft.html\" target=\"_blank\" rel=\"noopener\">article en allemand au sujet de la vaccination contre la grippe pendant la grossesse<\/a>. (Vous pouvez le faire traduire avec DeepL sur internet.)<\/p>\n<p>&nbsp;<\/p>\n<\/div>\n<\/div><\/div><div id=\"panel-7277-0-0-3\" class=\"so-panel widget widget_sow-editor\" data-index=\"3\" ><div\n\t\t\t\n\t\t\tclass=\"so-widget-sow-editor so-widget-sow-editor-base\"\n\t\t\t\n\t\t><h3 class=\"widget-title\">Articles, liens, ...<\/h3>\n<div class=\"siteorigin-widget-tinymce textwidget\">\n\t<h5>Autour des vaccins<\/h5>\n<p>Film\u00a0<a href=\"https:\/\/vaxxedthemovie.com\/\" target=\"_blank\" rel=\"noopener\">VAXXED<\/a>\u00a0(angl.), VAXXED I \"La v\u00e9rit\u00e9 choquante !?\"(2017) -\u00a0<a href=\"https:\/\/www.dailymotion.com\/video\/x6jplbs\" target=\"_blank\" rel=\"noopener\">https:\/\/www.dailymotion.com\/video\/x6jplbs<\/a>\u00a0, VAXXED II \"The people's truth\"(2020) -\u00a0<a href=\"https:\/\/www.imdb.com\/video\/vi628080409\/\" target=\"_blank\" rel=\"noopener\">https:\/\/www.imdb.com\/video\/vi628080409\/<\/a><\/p>\n<p><a href=\"https:\/\/www.reinfosante.ch\" target=\"_blank\" rel=\"noopener\">ReinfoSante<\/a> \u00a0sous la rubrique R\u00e9information\/Enfant<\/p>\n<p><a href=\"https:\/\/www.infovaccin.fr\/information\/16-principal\/information\/546-teneur-en-aluminium-des-vaccins\" target=\"_blank\" rel=\"noopener\">Teneur en aluminium des vaccins<\/a><\/p>\n<p><a href=\"https:\/\/www.infovaccin.fr\/information\/16-principal\/information\/547-composants-des-vaccins\" target=\"_blank\" rel=\"noopener\">Composants des vaccins<\/a><\/p>\n<p>en anglais : <a href=\"https:\/\/childrenshealthdefense.org\" target=\"_blank\" rel=\"noopener\">Childrens Health Defense<\/a><\/p>\n<h5><\/h5>\n<p>&nbsp;<\/p>\n<h5>Autour de la Biologie Universelle<\/h5>\n<p>Les 5 lois de la Biologie Universelle : <a href=\"http:\/\/3minsante.blogspot.com\/\" target=\"_blank\" rel=\"noopener\">http:\/\/3minsante.blogspot.com\/<\/a><\/p>\n<p>ou directement sur PermaSant\u00e9 : <a href=\"https:\/\/www.youtube.com\/@PermaSante\/videos\" target=\"_blank\" rel=\"noopener\">https:\/\/www.youtube.com\/@PermaSante\/videos<\/a><\/p>\n<p>Des bonnes bases \u00e0 ce sujet se trouves aussi sur <a href=\"https:\/\/french.disease-is-different.com\" target=\"_blank\" rel=\"noopener\">https:\/\/french.disease-is-different.com<\/a>.<\/p>\n<p><a href=\"https:\/\/www.praxis-neue-medizin-verlag.de\/produkt-kategorie\/andere-sprachen\/franzoesisch\/\" target=\"_blank\" rel=\"noopener\">D\u00e9codage biologique, br\u00e8ve introduction<\/a>, Guliana L\u00fcssi<\/p>\n<h5><\/h5>\n<p>&nbsp;<\/p>\n<h5>Source d'inspiration de l'article<\/h5>\n<p><a href=\"https:\/\/www.praxis-neue-medizin-verlag.de\/produkt\/die-ursachen-von-kinderkrankheiten\/\" target=\"_blank\" rel=\"noopener\">Die Ursachen von Kinderkrankheiten<\/a>, Ursula Stoll<\/p>\n<h5><\/h5>\n<p>&nbsp;<\/p>\n<h5>Plus d'info sur les vaccins, les maladies \"contagieuses\" et leurs origines<\/h5>\n<p><a href=\"https:\/\/www.praxis-neue-medizin-verlag.de\/produkt\/was-sind-impfschaeden-was-sind-terrorschaeden-von-next-level-und-ursula-stoll\/\" target=\"_blank\" rel=\"noopener\">Was sind Impfsch\u00e4den? Was sind Terrorsch\u00e4den?<\/a>, Ursula Stoll<\/p>\n<p>&nbsp;<\/p>\n<p>&nbsp;<\/p>\n<\/div>\n<\/div><\/div><div id=\"panel-7277-0-0-4\" class=\"so-panel widget widget_text panel-last-child\" data-index=\"4\" >\t\t\t<div class=\"textwidget\"><\/div>\n\t\t<\/div><\/div><\/div><\/div>","protected":false},"excerpt":{"rendered":"<p>Ce qu&rsquo;il faut savoir pour pouvoir prendre une d\u00e9cision raisonnable pour soi-m\u00eame en tant que future m\u00e8re et pour son b\u00e9b\u00e9.<\/p>\n","protected":false},"author":1,"featured_media":7280,"comment_status":"closed","ping_status":"closed","sticky":false,"template":"elementor_header_footer","format":"standard","meta":{"footnotes":""},"categories":[62],"tags":[],"class_list":["post-7277","post","type-post","status-publish","format-standard","has-post-thumbnail","hentry","category-sante"],"yoast_head":"<!-- This site is optimized with the Yoast SEO plugin v24.9 - https:\/\/yoast.com\/wordpress\/plugins\/seo\/ -->\n<title>Les vaccins et leurs effets - Incarnation consciente<\/title>\n<meta name=\"description\" content=\"Les vaccins et leurs effets : ce qu&#039;on doit savoir pour pouvoir prendre une d\u00e9cision raisonnable pour soi et son b\u00e9b\u00e9.\" \/>\n<meta name=\"robots\" content=\"index, follow, max-snippet:-1, max-image-preview:large, max-video-preview:-1\" \/>\n<link rel=\"canonical\" href=\"https:\/\/incarnationconsciente.ch\/index.php\/2023\/04\/27\/les-vaccins-et-leurs-effets\/\" \/>\n<meta property=\"og:locale\" content=\"fr_FR\" \/>\n<meta property=\"og:type\" content=\"article\" \/>\n<meta property=\"og:title\" content=\"Les vaccins et leurs effets - Incarnation consciente\" \/>\n<meta property=\"og:description\" content=\"Les vaccins et leurs effets : ce qu&#039;on doit savoir pour pouvoir prendre une d\u00e9cision raisonnable pour soi et son b\u00e9b\u00e9.\" \/>\n<meta property=\"og:url\" content=\"https:\/\/incarnationconsciente.ch\/index.php\/2023\/04\/27\/les-vaccins-et-leurs-effets\/\" \/>\n<meta property=\"og:site_name\" content=\"Incarnation consciente\" \/>\n<meta property=\"article:published_time\" content=\"2023-04-27T19:09:44+00:00\" \/>\n<meta property=\"article:modified_time\" content=\"2024-11-06T22:03:03+00:00\" \/>\n<meta property=\"og:image\" content=\"https:\/\/incarnationconsciente.ch\/wp-content\/uploads\/2023\/04\/vaccination-2023-suisse-e1682623047220.png\" \/>\n\t<meta property=\"og:image:width\" content=\"973\" \/>\n\t<meta property=\"og:image:height\" content=\"727\" \/>\n\t<meta property=\"og:image:type\" content=\"image\/png\" \/>\n<meta name=\"author\" content=\"Rebekka G Specht\" \/>\n<meta name=\"twitter:card\" content=\"summary_large_image\" \/>\n<meta name=\"twitter:label1\" content=\"\u00c9crit par\" \/>\n\t<meta name=\"twitter:data1\" content=\"Rebekka G Specht\" \/>\n\t<meta name=\"twitter:label2\" content=\"Dur\u00e9e de lecture estim\u00e9e\" \/>\n\t<meta name=\"twitter:data2\" content=\"11 minutes\" \/>\n<script type=\"application\/ld+json\" class=\"yoast-schema-graph\">{\"@context\":\"https:\/\/schema.org\",\"@graph\":[{\"@type\":\"WebPage\",\"@id\":\"https:\/\/incarnationconsciente.ch\/index.php\/2023\/04\/27\/les-vaccins-et-leurs-effets\/\",\"url\":\"https:\/\/incarnationconsciente.ch\/index.php\/2023\/04\/27\/les-vaccins-et-leurs-effets\/\",\"name\":\"Les vaccins et leurs effets - Incarnation consciente\",\"isPartOf\":{\"@id\":\"https:\/\/incarnationconsciente.ch\/#website\"},\"primaryImageOfPage\":{\"@id\":\"https:\/\/incarnationconsciente.ch\/index.php\/2023\/04\/27\/les-vaccins-et-leurs-effets\/#primaryimage\"},\"image\":{\"@id\":\"https:\/\/incarnationconsciente.ch\/index.php\/2023\/04\/27\/les-vaccins-et-leurs-effets\/#primaryimage\"},\"thumbnailUrl\":\"https:\/\/incarnationconsciente.ch\/wp-content\/uploads\/2023\/04\/vaccination-2023-suisse-e1682623047220.png\",\"datePublished\":\"2023-04-27T19:09:44+00:00\",\"dateModified\":\"2024-11-06T22:03:03+00:00\",\"author\":{\"@id\":\"https:\/\/incarnationconsciente.ch\/#\/schema\/person\/640f61f4e65f96071562a56530f803b0\"},\"description\":\"Les vaccins et leurs effets : ce qu'on doit savoir pour pouvoir prendre une d\u00e9cision raisonnable pour soi et son b\u00e9b\u00e9.\",\"breadcrumb\":{\"@id\":\"https:\/\/incarnationconsciente.ch\/index.php\/2023\/04\/27\/les-vaccins-et-leurs-effets\/#breadcrumb\"},\"inLanguage\":\"fr-FR\",\"potentialAction\":[{\"@type\":\"ReadAction\",\"target\":[\"https:\/\/incarnationconsciente.ch\/index.php\/2023\/04\/27\/les-vaccins-et-leurs-effets\/\"]}]},{\"@type\":\"ImageObject\",\"inLanguage\":\"fr-FR\",\"@id\":\"https:\/\/incarnationconsciente.ch\/index.php\/2023\/04\/27\/les-vaccins-et-leurs-effets\/#primaryimage\",\"url\":\"https:\/\/incarnationconsciente.ch\/wp-content\/uploads\/2023\/04\/vaccination-2023-suisse-e1682623047220.png\",\"contentUrl\":\"https:\/\/incarnationconsciente.ch\/wp-content\/uploads\/2023\/04\/vaccination-2023-suisse-e1682623047220.png\",\"width\":973,\"height\":727},{\"@type\":\"BreadcrumbList\",\"@id\":\"https:\/\/incarnationconsciente.ch\/index.php\/2023\/04\/27\/les-vaccins-et-leurs-effets\/#breadcrumb\",\"itemListElement\":[{\"@type\":\"ListItem\",\"position\":1,\"name\":\"Home\",\"item\":\"https:\/\/incarnationconsciente.ch\/\"},{\"@type\":\"ListItem\",\"position\":2,\"name\":\"Les vaccins et leurs effets\"}]},{\"@type\":\"WebSite\",\"@id\":\"https:\/\/incarnationconsciente.ch\/#website\",\"url\":\"https:\/\/incarnationconsciente.ch\/\",\"name\":\"Incarnation consciente\",\"description\":\"pour un accueil \u00e9veill\u00e9 &amp; une naissance spirituelle respectueuse\",\"potentialAction\":[{\"@type\":\"SearchAction\",\"target\":{\"@type\":\"EntryPoint\",\"urlTemplate\":\"https:\/\/incarnationconsciente.ch\/?s={search_term_string}\"},\"query-input\":{\"@type\":\"PropertyValueSpecification\",\"valueRequired\":true,\"valueName\":\"search_term_string\"}}],\"inLanguage\":\"fr-FR\"},{\"@type\":\"Person\",\"@id\":\"https:\/\/incarnationconsciente.ch\/#\/schema\/person\/640f61f4e65f96071562a56530f803b0\",\"name\":\"Rebekka G Specht\",\"image\":{\"@type\":\"ImageObject\",\"inLanguage\":\"fr-FR\",\"@id\":\"https:\/\/incarnationconsciente.ch\/#\/schema\/person\/image\/\",\"url\":\"https:\/\/secure.gravatar.com\/avatar\/ba370e1d0919ab46d187d559a499a7e372ab5ccd7ed110f224a8eda29d9aea0f?s=96&d=mm&r=g\",\"contentUrl\":\"https:\/\/secure.gravatar.com\/avatar\/ba370e1d0919ab46d187d559a499a7e372ab5ccd7ed110f224a8eda29d9aea0f?s=96&d=mm&r=g\",\"caption\":\"Rebekka G Specht\"},\"url\":\"https:\/\/incarnationconsciente.ch\/index.php\/author\/lavoix_v8339ise\/\"}]}<\/script>\n<!-- \/ Yoast SEO plugin. -->","yoast_head_json":{"title":"Les vaccins et leurs effets - Incarnation consciente","description":"Les vaccins et leurs effets : ce qu'on doit savoir pour pouvoir prendre une d\u00e9cision raisonnable pour soi et son b\u00e9b\u00e9.","robots":{"index":"index","follow":"follow","max-snippet":"max-snippet:-1","max-image-preview":"max-image-preview:large","max-video-preview":"max-video-preview:-1"},"canonical":"https:\/\/incarnationconsciente.ch\/index.php\/2023\/04\/27\/les-vaccins-et-leurs-effets\/","og_locale":"fr_FR","og_type":"article","og_title":"Les vaccins et leurs effets - Incarnation consciente","og_description":"Les vaccins et leurs effets : ce qu'on doit savoir pour pouvoir prendre une d\u00e9cision raisonnable pour soi et son b\u00e9b\u00e9.","og_url":"https:\/\/incarnationconsciente.ch\/index.php\/2023\/04\/27\/les-vaccins-et-leurs-effets\/","og_site_name":"Incarnation consciente","article_published_time":"2023-04-27T19:09:44+00:00","article_modified_time":"2024-11-06T22:03:03+00:00","og_image":[{"width":973,"height":727,"url":"https:\/\/incarnationconsciente.ch\/wp-content\/uploads\/2023\/04\/vaccination-2023-suisse-e1682623047220.png","type":"image\/png"}],"author":"Rebekka G Specht","twitter_card":"summary_large_image","twitter_misc":{"\u00c9crit par":"Rebekka G Specht","Dur\u00e9e de lecture estim\u00e9e":"11 minutes"},"schema":{"@context":"https:\/\/schema.org","@graph":[{"@type":"WebPage","@id":"https:\/\/incarnationconsciente.ch\/index.php\/2023\/04\/27\/les-vaccins-et-leurs-effets\/","url":"https:\/\/incarnationconsciente.ch\/index.php\/2023\/04\/27\/les-vaccins-et-leurs-effets\/","name":"Les vaccins et leurs effets - Incarnation consciente","isPartOf":{"@id":"https:\/\/incarnationconsciente.ch\/#website"},"primaryImageOfPage":{"@id":"https:\/\/incarnationconsciente.ch\/index.php\/2023\/04\/27\/les-vaccins-et-leurs-effets\/#primaryimage"},"image":{"@id":"https:\/\/incarnationconsciente.ch\/index.php\/2023\/04\/27\/les-vaccins-et-leurs-effets\/#primaryimage"},"thumbnailUrl":"https:\/\/incarnationconsciente.ch\/wp-content\/uploads\/2023\/04\/vaccination-2023-suisse-e1682623047220.png","datePublished":"2023-04-27T19:09:44+00:00","dateModified":"2024-11-06T22:03:03+00:00","author":{"@id":"https:\/\/incarnationconsciente.ch\/#\/schema\/person\/640f61f4e65f96071562a56530f803b0"},"description":"Les vaccins et leurs effets : ce qu'on doit savoir pour pouvoir prendre une d\u00e9cision raisonnable pour soi et son b\u00e9b\u00e9.","breadcrumb":{"@id":"https:\/\/incarnationconsciente.ch\/index.php\/2023\/04\/27\/les-vaccins-et-leurs-effets\/#breadcrumb"},"inLanguage":"fr-FR","potentialAction":[{"@type":"ReadAction","target":["https:\/\/incarnationconsciente.ch\/index.php\/2023\/04\/27\/les-vaccins-et-leurs-effets\/"]}]},{"@type":"ImageObject","inLanguage":"fr-FR","@id":"https:\/\/incarnationconsciente.ch\/index.php\/2023\/04\/27\/les-vaccins-et-leurs-effets\/#primaryimage","url":"https:\/\/incarnationconsciente.ch\/wp-content\/uploads\/2023\/04\/vaccination-2023-suisse-e1682623047220.png","contentUrl":"https:\/\/incarnationconsciente.ch\/wp-content\/uploads\/2023\/04\/vaccination-2023-suisse-e1682623047220.png","width":973,"height":727},{"@type":"BreadcrumbList","@id":"https:\/\/incarnationconsciente.ch\/index.php\/2023\/04\/27\/les-vaccins-et-leurs-effets\/#breadcrumb","itemListElement":[{"@type":"ListItem","position":1,"name":"Home","item":"https:\/\/incarnationconsciente.ch\/"},{"@type":"ListItem","position":2,"name":"Les vaccins et leurs effets"}]},{"@type":"WebSite","@id":"https:\/\/incarnationconsciente.ch\/#website","url":"https:\/\/incarnationconsciente.ch\/","name":"Incarnation consciente","description":"pour un accueil \u00e9veill\u00e9 &amp; une naissance spirituelle respectueuse","potentialAction":[{"@type":"SearchAction","target":{"@type":"EntryPoint","urlTemplate":"https:\/\/incarnationconsciente.ch\/?s={search_term_string}"},"query-input":{"@type":"PropertyValueSpecification","valueRequired":true,"valueName":"search_term_string"}}],"inLanguage":"fr-FR"},{"@type":"Person","@id":"https:\/\/incarnationconsciente.ch\/#\/schema\/person\/640f61f4e65f96071562a56530f803b0","name":"Rebekka G Specht","image":{"@type":"ImageObject","inLanguage":"fr-FR","@id":"https:\/\/incarnationconsciente.ch\/#\/schema\/person\/image\/","url":"https:\/\/secure.gravatar.com\/avatar\/ba370e1d0919ab46d187d559a499a7e372ab5ccd7ed110f224a8eda29d9aea0f?s=96&d=mm&r=g","contentUrl":"https:\/\/secure.gravatar.com\/avatar\/ba370e1d0919ab46d187d559a499a7e372ab5ccd7ed110f224a8eda29d9aea0f?s=96&d=mm&r=g","caption":"Rebekka G Specht"},"url":"https:\/\/incarnationconsciente.ch\/index.php\/author\/lavoix_v8339ise\/"}]}},"_links":{"self":[{"href":"https:\/\/incarnationconsciente.ch\/index.php\/wp-json\/wp\/v2\/posts\/7277","targetHints":{"allow":["GET"]}}],"collection":[{"href":"https:\/\/incarnationconsciente.ch\/index.php\/wp-json\/wp\/v2\/posts"}],"about":[{"href":"https:\/\/incarnationconsciente.ch\/index.php\/wp-json\/wp\/v2\/types\/post"}],"author":[{"embeddable":true,"href":"https:\/\/incarnationconsciente.ch\/index.php\/wp-json\/wp\/v2\/users\/1"}],"replies":[{"embeddable":true,"href":"https:\/\/incarnationconsciente.ch\/index.php\/wp-json\/wp\/v2\/comments?post=7277"}],"version-history":[{"count":53,"href":"https:\/\/incarnationconsciente.ch\/index.php\/wp-json\/wp\/v2\/posts\/7277\/revisions"}],"predecessor-version":[{"id":7393,"href":"https:\/\/incarnationconsciente.ch\/index.php\/wp-json\/wp\/v2\/posts\/7277\/revisions\/7393"}],"wp:featuredmedia":[{"embeddable":true,"href":"https:\/\/incarnationconsciente.ch\/index.php\/wp-json\/wp\/v2\/media\/7280"}],"wp:attachment":[{"href":"https:\/\/incarnationconsciente.ch\/index.php\/wp-json\/wp\/v2\/media?parent=7277"}],"wp:term":[{"taxonomy":"category","embeddable":true,"href":"https:\/\/incarnationconsciente.ch\/index.php\/wp-json\/wp\/v2\/categories?post=7277"},{"taxonomy":"post_tag","embeddable":true,"href":"https:\/\/incarnationconsciente.ch\/index.php\/wp-json\/wp\/v2\/tags?post=7277"}],"curies":[{"name":"wp","href":"https:\/\/api.w.org\/{rel}","templated":true}]}}