{"id":6977,"date":"2023-03-17T11:45:31","date_gmt":"2023-03-17T11:45:31","guid":{"rendered":"https:\/\/incarnationconsciente.ch\/?p=6977"},"modified":"2024-11-06T22:05:43","modified_gmt":"2024-11-06T22:05:43","slug":"le-dilemme-de-date-daccouchement","status":"publish","type":"post","link":"https:\/\/incarnationconsciente.ch\/index.php\/2023\/03\/17\/le-dilemme-de-date-daccouchement\/","title":{"rendered":"Le dilemme de date d&rsquo;accouchement"},"content":{"rendered":"<div id=\"pl-6977\"  class=\"panel-layout\" ><div id=\"pg-6977-0\"  class=\"panel-grid panel-no-style\" ><div id=\"pgc-6977-0-0\"  class=\"panel-grid-cell\" ><div id=\"panel-6977-0-0-0\" class=\"so-panel widget widget_text panel-first-child\" data-index=\"0\" >\t\t\t<div class=\"textwidget\"><\/div>\n\t\t<\/div><div id=\"panel-6977-0-0-1\" class=\"so-panel widget widget_sow-editor\" data-index=\"1\" ><div class=\"panel-widget-style panel-widget-style-for-6977-0-0-1\" ><div\n\t\t\t\n\t\t\tclass=\"so-widget-sow-editor so-widget-sow-editor-base\"\n\t\t\t\n\t\t><h3 class=\"widget-title\">Le dilemme de date d'accouchement<\/h3>\n<div class=\"siteorigin-widget-tinymce textwidget\">\n\t<h3 lang=\"fr-FR\" style=\"text-align: center;\" align=\"left\">Comment \u00e9viter le stress avant le terme et rester en contact avec Soi-m\u00eame.<\/h3>\n<h6 lang=\"fr-FR\" align=\"left\"><\/h6>\n<p>&nbsp;<\/p>\n<h6 lang=\"fr-FR\" align=\"left\">D\u00e9crit d'une vraie histoire.<\/h6>\n<p lang=\"fr-FR\" align=\"left\">Tabea (pr\u00e9nom chang\u00e9), proche de la fin de sa grossesse, m'appelle un vendredi, d\u00e9sesp\u00e9r\u00e9e. La sage-femme lui met la pression et lui recommande avec v\u00e9h\u00e9mence un deuxi\u00e8me lavement intestinal pour d\u00e9clencher l'accouchement. Si l'enfant n'est pas l\u00e0 lundi, il faudra le contr\u00f4ler le lendemain \u00e0 la clinique et fort probablement le d\u00e9clencher. Tabea souhaite accoucher \u00e0 la maison et a tout pr\u00e9par\u00e9 pour un accouchement \u00e0 domicile. La pression de la sage-femme la stresse et lui fait peur. En g\u00e9n\u00e9ral, Tabea a une bonne intuition et a pu d\u00e9velopp\u00e9 pendant la grossesse un lien confiant avec son b\u00e9b\u00e9. Mais maintenant, elle est d\u00e9stabilis\u00e9e. Elle ne veut plus de lavement ni de d\u00e9clenchement.<\/p>\n<p><img fetchpriority=\"high\" fetchpriority=\"high\" decoding=\"async\" class=\"alignright wp-image-6988 size-medium\" src=\"https:\/\/incarnationconsciente.ch\/wp-content\/uploads\/2023\/03\/th-52-300x168.jpeg\" alt=\"terme d'accouchement Incarnation Consciente\" width=\"300\" height=\"168\" srcset=\"https:\/\/incarnationconsciente.ch\/wp-content\/uploads\/2023\/03\/th-52-300x168.jpeg 300w, https:\/\/incarnationconsciente.ch\/wp-content\/uploads\/2023\/03\/th-52-400x224.jpeg 400w, https:\/\/incarnationconsciente.ch\/wp-content\/uploads\/2023\/03\/th-52-430x241.jpeg 430w, https:\/\/incarnationconsciente.ch\/wp-content\/uploads\/2023\/03\/th-52-150x84.jpeg 150w, https:\/\/incarnationconsciente.ch\/wp-content\/uploads\/2023\/03\/th-52-100x56.jpeg 100w, https:\/\/incarnationconsciente.ch\/wp-content\/uploads\/2023\/03\/th-52.jpeg 474w\" sizes=\"(max-width: 300px) 100vw, 300px\" \/><\/p>\n<p class=\"western\" lang=\"fr-FR\" align=\"justify\">Il reste encore trois jours \u00e0 Tabea avant la date initialement pr\u00e9vue pour l'accouchement. Pour des raisons qui lui \u00e9chappaient, la date a \u00e9t\u00e9 avanc\u00e9e de 9 jours au cours du premier trimestre de la grossesse. Maintenant cette date officiellement fix\u00e9e est d\u00e9pass\u00e9e depuis 6 jours. La sage-femme ne veut pas prendre de risque et annonce qu'elle attendra encore 7 jours au maximum. Ensuite, Tabea doit aller \u00e0 la clinique. Ce serait en fait uniquement 4 jours apr\u00e8s le terme initialement pr\u00e9vue.<\/p>\n<p class=\"western\" lang=\"fr-FR\" align=\"justify\">Quel m\u00e9li-m\u00e9lo de chiffres et quel stress cela engendre \u00e0 la future-m\u00e8re. Ne devrions-nous pas plut\u00f4t nous concentrer sur l'\u00e9tat actuel de la femme enceinte et du b\u00e9b\u00e9 ? \u00c9couter leurs besoins et leur intuition plut\u00f4t que de suivre obstin\u00e9ment les protocoles. Chaque duo m\u00e8re-b\u00e9b\u00e9 a son propre rythme et danse selon sa propre musique.<\/p>\n<p class=\"western\" lang=\"fr-FR\" align=\"justify\">En l'\u00e9coutant au plan subtil, l'intuition de Tabea se confirme. Le b\u00e9b\u00e9 va bien. Ce qu'a d'ailleurs montr\u00e9 le dernier examen m\u00e9dical. Il y a suffisamment de liquide amniotique. Du point de vue de l'\u00e2me du b\u00e9b\u00e9, tout est \u00e9galement en ordre. Seule la m\u00e8re a besoin de soutien.<\/p>\n<p>&nbsp;<\/p>\n<h4>Faire participer le partenaire<\/h4>\n<p>Tabea est d\u00e9pass\u00e9e par la situation et ne sait plus comment s'en sortir pour le moment. Elle est prise entre l'impulsion de son corps \u00e0 s'ouvrir \u00e0 l'accouchement et le besoin de d\u00e9fendre ses besoins face \u00e0 la sage-femme. Il s'agit donc d'un durcissement et d'une fermeture qui sont diam\u00e9tralement oppos\u00e9s \u00e0 l'ouverture et \u00e0 l'abandon qui permettent le d\u00e9but de l'accouchement. C'est l\u00e0 qu'il faut un roi \u00e0 ses c\u00f4t\u00e9s, le partenaire souverain, qui s'engage pour son royaume et sa reine; un intercesseur, le repr\u00e9sentant \u00e0 l'ext\u00e9rieur, qui la soutient dans ses besoins.<\/p>\n<p>De mani\u00e8re g\u00e9n\u00e9rale, il est en outre toujours bon de demander un deuxi\u00e8me avis avant de prendre une d\u00e9cision. Il en va de m\u00eame ici lorsqu'il s'agit du bien-\u00eatre et des cons\u00e9quences importantes sur la vie de l'enfant \u00e0 venir. Comment une sage-femme avec un autre approche voit-elle la situation et que recommanderait-elle ?<\/p>\n<p>&nbsp;<\/p>\n<h4>\u00c9couter son corps<\/h4>\n<p>Nous nous tournons vers le corps de Tabea et l'\u00e9coutons. Comment va-t'il ? Vid\u00e9, \u00e9puis\u00e9, lourd, ... en pronon\u00e7ant les mots \u00e0 haute voix, le corps est reconnu dans son \u00e9tat actuel et peut rel\u00e2cher les tensions excessives.<\/p>\n<p>R : Y a-t-il des parties du corps qui demandent une attention particuli\u00e8re ?<\/p>\n<p>&nbsp;<\/p>\n<h5>R\u00e9tention d'eau<\/h5>\n<p>T : <strong>Les pieds<\/strong>. A\u00a0cause de la r\u00e9tention d'eau, ils font vraiment tr\u00e8s mal quand je marche. (<em>La r\u00e9tention d'eau est li\u00e9e aux reins et au th\u00e8me de la fuite, de devoir fuir quelque chose, ...<\/em>)<\/p>\n<p>R : De quoi est-ce que tes pieds aimeraient fuir ? Il ne faut pas longtemps pour que Tabea entend la r\u00e9ponse.<\/p>\n<p>T : La responsabilit\u00e9 de devoir m'occuper des deux fils du pr\u00e9c\u00e9dent mariage de mon mari, alors que ce n'est pas mon r\u00f4le.<\/p>\n<p>R : S'agit-il d'assumer le r\u00f4le de belle-m\u00e8re ou plut\u00f4t le fait qu'il s'agisse de gar\u00e7ons ?<\/p>\n<p>Tabea est enceinte pour la premi\u00e8re fois et attend une fille. Elle n'a jamais port\u00e9 un petit homme en elle. Le contact avec les gar\u00e7ons la d\u00e9stabilise. Nous partons \u00e0 la recherche de m\u00e8res dans sa g\u00e9n\u00e9alogie qui ont \u00e9lev\u00e9 des gar\u00e7ons. Tabea peut se connecter \u00e0 leurs exp\u00e9riences et s'appuyer sur elles. \u00c0 partir de maintenant, pour Tabea, s'occuper de gar\u00e7ons est d\u00e9sormais moins inconnu et moins difficile. Ses pieds ne veulent plus s'enfuir, mais sont maintenant tranquillement pr\u00e9sents dans le pr\u00e9sent.<\/p>\n<p>&nbsp;<\/p>\n<h5>Trop \u00e0 faire<\/h5>\n<p class=\"western\" lang=\"fr-FR\" align=\"justify\">R : Y a-t-il une autre partie du corps qui demande de l'attention ?<\/p>\n<p class=\"western\" lang=\"fr-FR\" align=\"justify\">T : Ma <strong>main droite<\/strong>. Fatigu\u00e9e, cass\u00e9e, surmen\u00e9e, ...<\/p>\n<p class=\"western\" lang=\"fr-FR\" align=\"justify\">L'image d'un chef d'orchestre appara\u00eet. Il tient \u00e0 droite (c\u00f4t\u00e9 masculin actif) la baguette de chef d'orchestre et dit ainsi o\u00f9 il faut aller, ce qu'il faut faire, tandis que la gauche (c\u00f4t\u00e9 f\u00e9minin, fluide, \u00eatre) indique le rythme et donc le flux de la vie. La chef d'orchestre int\u00e9rieure de Tabea avait beaucoup travaill\u00e9 ces derniers temps pour stabiliser la relation de couple et faire le tri dans les constellations de la famille recompos\u00e9e complexe dans laquelle elle s'est mari\u00e9e, afin qu'il y ait de la place pour sa propre petite famille. Elle s'est efforc\u00e9e de construire une relation avec tous les enfants, jeunes et adultes, de son partenaire, ou de rendre possible une telle relation. Elle a sem\u00e9 des graines afin d'initier une famille harmonieuse pour sa fille. Tout ce travail doit \u00eatre reconnu et appr\u00e9ci\u00e9 \u00e0 sa juste valeur. La chef d'orchestre est maintenant invit\u00e9e \u00e0 quitter le pupitre devant le grand orchestre et \u00e0 se consacrer aux t\u00e2ches essentielles : s'occuper de Tabea, lui rappeler de se donner la priorit\u00e9 et de donner la priorit\u00e9 \u00e0 son b\u00e9b\u00e9.<\/p>\n<p lang=\"fr-FR\" align=\"justify\">Afin de <strong>r\u00e9tablir l'\u00e9quilibre entre le faire et l'\u00eatre<\/strong>, Tabea est invit\u00e9e, chaque fois qu'elle se pr\u00e9occupe trop de la famille \u00e9largie ou qu'elle veut entreprendre quelque chose, \u00e0 placer sa main droite dans sa main gauche (paumes ouvertes) et \u00e0 accorder une pause \u00e0 celle qui tenait la baguette du maestro. La chef d'orchestre aura probablement besoin de quelques jours pour se d\u00e9faire de son sch\u00e9ma d'organisation et de suractivit\u00e9. Tabea remarque imm\u00e9diatement que le calme s'installe dans son corps et qu'une certaine lourdeur saine se fait sentir.<\/p>\n<p>&nbsp;<\/p>\n<h5 lang=\"fr-FR\" align=\"justify\">Vision du future<\/h5>\n<p class=\"western\" lang=\"fr-FR\" align=\"justify\">R : Est-ce qu'il y a encore une autre partie de ton corps qui a besoin d'\u00eatre remarqu\u00e9e ?<\/p>\n<p class=\"western\" lang=\"fr-FR\" align=\"justify\">T : Mon <strong>front<\/strong>. Pression, retenue, ciment\u00e9e, ...<\/p>\n<p class=\"western\" lang=\"fr-FR\" align=\"justify\"><img decoding=\"async\" class=\"size-medium wp-image-6990 alignright\" src=\"https:\/\/incarnationconsciente.ch\/wp-content\/uploads\/2023\/03\/th-55-300x225.jpeg\" alt=\"source cristallin clair fra\u00eeche Incarnation Consciente\" width=\"300\" height=\"225\" srcset=\"https:\/\/incarnationconsciente.ch\/wp-content\/uploads\/2023\/03\/th-55-300x225.jpeg 300w, https:\/\/incarnationconsciente.ch\/wp-content\/uploads\/2023\/03\/th-55-400x300.jpeg 400w, https:\/\/incarnationconsciente.ch\/wp-content\/uploads\/2023\/03\/th-55-430x322.jpeg 430w, https:\/\/incarnationconsciente.ch\/wp-content\/uploads\/2023\/03\/th-55-150x112.jpeg 150w, https:\/\/incarnationconsciente.ch\/wp-content\/uploads\/2023\/03\/th-55-100x75.jpeg 100w, https:\/\/incarnationconsciente.ch\/wp-content\/uploads\/2023\/03\/th-55.jpeg 474w\" sizes=\"(max-width: 300px) 100vw, 300px\" \/>trop de r\u00e9flexions ont \u00e9t\u00e9 faites sur l'avenir familial. L'ancien retient le regard sur le nouveau. En barbotant par un petit trou dans le ciment, elle se laisse montrer son avenir. Il a l'air florissant et vivant. Mais l'ancien, comme un masque d'argile qui a trop s\u00e9ch\u00e9, emp\u00eache de voir les nouvelles perspectives. Nous visualisons de l'eau cristalline pure jaillissant d'une source, rafra\u00eechissante, ni trop fra\u00eeche ni trop chaude, avec laquelle Tabea peut laver l'ancien qui s'effrite sur son visage. Les anciennes exp\u00e9riences sont emport\u00e9es dans le ruisseau et peuvent ainsi r\u00e9int\u00e9grer le cycle de la nature sous forme de sagesse. D\u00e8s que le front est d\u00e9gag\u00e9, les esprits de la rose et de la lavande apparaissent. Tabea, un p\u00e9tale de rose dans une main et une tige de fleur de lavande dans l'autre, les passe avec amour sur sa peau fra\u00eechement nettoy\u00e9e. Ses joues commencent \u00e0 rosir. La magie du moment lui permet d'envisager \u00e0 nouveau les jours \u00e0 venir jusqu'\u00e0 la naissance et apr\u00e8s.<\/p>\n<p class=\"western\" lang=\"fr-FR\" align=\"justify\"><strong>'Intemporel', 'simplement \u00eatre'\u00a0<\/strong>sont les mots que Tabea trouve pour d\u00e9crire ses sensations. C'<strong>est exactement l'\u00e9tat souhait\u00e9 pour la naissance \u00e0 venir.<\/strong><\/p>\n<p class=\"western\" lang=\"fr-FR\" align=\"justify\">Maintenant, le corps et l'esprit de Tabea sont \u00e9galement pr\u00eats. L'accouchement peut d\u00e9buter lorsque l'\u00e2me du b\u00e9b\u00e9 donne le signal.<\/p>\n<\/div>\n<\/div><\/div><\/div><div id=\"panel-6977-0-0-2\" class=\"so-panel widget widget_text panel-last-child\" data-index=\"2\" >\t\t\t<div class=\"textwidget\"><\/div>\n\t\t<\/div><\/div><\/div><\/div>","protected":false},"excerpt":{"rendered":"<p>Comment \u00e9viter le stress avant le terme et rester en contact avec Soi-m\u00eame. &nbsp; D\u00e9crit d&rsquo;une vraie histoire. Tabea (pr\u00e9nom chang\u00e9), proche de la fin de sa grossesse, m&rsquo;appelle un [&hellip;]<\/p>\n","protected":false},"author":1,"featured_media":6982,"comment_status":"open","ping_status":"closed","sticky":false,"template":"elementor_header_footer","format":"standard","meta":{"footnotes":""},"categories":[33],"tags":[],"class_list":["post-6977","post","type-post","status-publish","format-standard","has-post-thumbnail","hentry","category-naissance"],"yoast_head":"<!-- This site is optimized with the Yoast SEO plugin v24.9 - https:\/\/yoast.com\/wordpress\/plugins\/seo\/ -->\n<title>Le dilemme de date d&#039;accouchement - Incarnation consciente<\/title>\n<meta name=\"description\" content=\"Dilemme de date d&#039;accouchement. Comment \u00e9viter le stress avant le terme et rester en contact avec Soi-m\u00eame.\" \/>\n<meta name=\"robots\" content=\"index, follow, max-snippet:-1, max-image-preview:large, max-video-preview:-1\" \/>\n<link rel=\"canonical\" href=\"https:\/\/incarnationconsciente.ch\/index.php\/2023\/03\/17\/le-dilemme-de-date-daccouchement\/\" \/>\n<meta property=\"og:locale\" content=\"fr_FR\" \/>\n<meta property=\"og:type\" content=\"article\" \/>\n<meta property=\"og:title\" content=\"Le dilemme de date d&#039;accouchement - Incarnation consciente\" \/>\n<meta property=\"og:description\" content=\"Dilemme de date d&#039;accouchement. Comment \u00e9viter le stress avant le terme et rester en contact avec Soi-m\u00eame.\" \/>\n<meta property=\"og:url\" content=\"https:\/\/incarnationconsciente.ch\/index.php\/2023\/03\/17\/le-dilemme-de-date-daccouchement\/\" \/>\n<meta property=\"og:site_name\" content=\"Incarnation consciente\" \/>\n<meta property=\"article:published_time\" content=\"2023-03-17T11:45:31+00:00\" \/>\n<meta property=\"article:modified_time\" content=\"2024-11-06T22:05:43+00:00\" \/>\n<meta property=\"og:image\" content=\"https:\/\/incarnationconsciente.ch\/wp-content\/uploads\/2023\/03\/health-wellness_body-mind-spirit_pregnancy-fertility_benefit-of-late-pregnancy_83936933.jpg.webp\" \/>\n\t<meta property=\"og:image:width\" content=\"1440\" \/>\n\t<meta property=\"og:image:height\" content=\"1080\" \/>\n\t<meta property=\"og:image:type\" content=\"image\/webp\" \/>\n<meta name=\"author\" content=\"Rebekka G Specht\" \/>\n<meta name=\"twitter:card\" content=\"summary_large_image\" \/>\n<meta name=\"twitter:label1\" content=\"\u00c9crit par\" \/>\n\t<meta name=\"twitter:data1\" content=\"Rebekka G Specht\" \/>\n\t<meta name=\"twitter:label2\" content=\"Dur\u00e9e de lecture estim\u00e9e\" \/>\n\t<meta name=\"twitter:data2\" content=\"7 minutes\" \/>\n<script type=\"application\/ld+json\" class=\"yoast-schema-graph\">{\"@context\":\"https:\/\/schema.org\",\"@graph\":[{\"@type\":\"WebPage\",\"@id\":\"https:\/\/incarnationconsciente.ch\/index.php\/2023\/03\/17\/le-dilemme-de-date-daccouchement\/\",\"url\":\"https:\/\/incarnationconsciente.ch\/index.php\/2023\/03\/17\/le-dilemme-de-date-daccouchement\/\",\"name\":\"Le dilemme de date d'accouchement - Incarnation consciente\",\"isPartOf\":{\"@id\":\"https:\/\/incarnationconsciente.ch\/#website\"},\"primaryImageOfPage\":{\"@id\":\"https:\/\/incarnationconsciente.ch\/index.php\/2023\/03\/17\/le-dilemme-de-date-daccouchement\/#primaryimage\"},\"image\":{\"@id\":\"https:\/\/incarnationconsciente.ch\/index.php\/2023\/03\/17\/le-dilemme-de-date-daccouchement\/#primaryimage\"},\"thumbnailUrl\":\"https:\/\/incarnationconsciente.ch\/wp-content\/uploads\/2023\/03\/health-wellness_body-mind-spirit_pregnancy-fertility_benefit-of-late-pregnancy_83936933.jpg.webp\",\"datePublished\":\"2023-03-17T11:45:31+00:00\",\"dateModified\":\"2024-11-06T22:05:43+00:00\",\"author\":{\"@id\":\"https:\/\/incarnationconsciente.ch\/#\/schema\/person\/640f61f4e65f96071562a56530f803b0\"},\"description\":\"Dilemme de date d'accouchement. Comment \u00e9viter le stress avant le terme et rester en contact avec Soi-m\u00eame.\",\"breadcrumb\":{\"@id\":\"https:\/\/incarnationconsciente.ch\/index.php\/2023\/03\/17\/le-dilemme-de-date-daccouchement\/#breadcrumb\"},\"inLanguage\":\"fr-FR\",\"potentialAction\":[{\"@type\":\"ReadAction\",\"target\":[\"https:\/\/incarnationconsciente.ch\/index.php\/2023\/03\/17\/le-dilemme-de-date-daccouchement\/\"]}]},{\"@type\":\"ImageObject\",\"inLanguage\":\"fr-FR\",\"@id\":\"https:\/\/incarnationconsciente.ch\/index.php\/2023\/03\/17\/le-dilemme-de-date-daccouchement\/#primaryimage\",\"url\":\"https:\/\/incarnationconsciente.ch\/wp-content\/uploads\/2023\/03\/health-wellness_body-mind-spirit_pregnancy-fertility_benefit-of-late-pregnancy_83936933.jpg.webp\",\"contentUrl\":\"https:\/\/incarnationconsciente.ch\/wp-content\/uploads\/2023\/03\/health-wellness_body-mind-spirit_pregnancy-fertility_benefit-of-late-pregnancy_83936933.jpg.webp\",\"width\":1440,\"height\":1080,\"caption\":\"dilemme des dates d'accouchements Incarnation Consciente\"},{\"@type\":\"BreadcrumbList\",\"@id\":\"https:\/\/incarnationconsciente.ch\/index.php\/2023\/03\/17\/le-dilemme-de-date-daccouchement\/#breadcrumb\",\"itemListElement\":[{\"@type\":\"ListItem\",\"position\":1,\"name\":\"Home\",\"item\":\"https:\/\/incarnationconsciente.ch\/\"},{\"@type\":\"ListItem\",\"position\":2,\"name\":\"Le dilemme de date d&#8217;accouchement\"}]},{\"@type\":\"WebSite\",\"@id\":\"https:\/\/incarnationconsciente.ch\/#website\",\"url\":\"https:\/\/incarnationconsciente.ch\/\",\"name\":\"Incarnation consciente\",\"description\":\"pour un accueil \u00e9veill\u00e9 &amp; une naissance spirituelle respectueuse\",\"potentialAction\":[{\"@type\":\"SearchAction\",\"target\":{\"@type\":\"EntryPoint\",\"urlTemplate\":\"https:\/\/incarnationconsciente.ch\/?s={search_term_string}\"},\"query-input\":{\"@type\":\"PropertyValueSpecification\",\"valueRequired\":true,\"valueName\":\"search_term_string\"}}],\"inLanguage\":\"fr-FR\"},{\"@type\":\"Person\",\"@id\":\"https:\/\/incarnationconsciente.ch\/#\/schema\/person\/640f61f4e65f96071562a56530f803b0\",\"name\":\"Rebekka G Specht\",\"image\":{\"@type\":\"ImageObject\",\"inLanguage\":\"fr-FR\",\"@id\":\"https:\/\/incarnationconsciente.ch\/#\/schema\/person\/image\/\",\"url\":\"https:\/\/secure.gravatar.com\/avatar\/ba370e1d0919ab46d187d559a499a7e372ab5ccd7ed110f224a8eda29d9aea0f?s=96&d=mm&r=g\",\"contentUrl\":\"https:\/\/secure.gravatar.com\/avatar\/ba370e1d0919ab46d187d559a499a7e372ab5ccd7ed110f224a8eda29d9aea0f?s=96&d=mm&r=g\",\"caption\":\"Rebekka G Specht\"},\"url\":\"https:\/\/incarnationconsciente.ch\/index.php\/author\/lavoix_v8339ise\/\"}]}<\/script>\n<!-- \/ Yoast SEO plugin. -->","yoast_head_json":{"title":"Le dilemme de date d'accouchement - Incarnation consciente","description":"Dilemme de date d'accouchement. Comment \u00e9viter le stress avant le terme et rester en contact avec Soi-m\u00eame.","robots":{"index":"index","follow":"follow","max-snippet":"max-snippet:-1","max-image-preview":"max-image-preview:large","max-video-preview":"max-video-preview:-1"},"canonical":"https:\/\/incarnationconsciente.ch\/index.php\/2023\/03\/17\/le-dilemme-de-date-daccouchement\/","og_locale":"fr_FR","og_type":"article","og_title":"Le dilemme de date d'accouchement - Incarnation consciente","og_description":"Dilemme de date d'accouchement. Comment \u00e9viter le stress avant le terme et rester en contact avec Soi-m\u00eame.","og_url":"https:\/\/incarnationconsciente.ch\/index.php\/2023\/03\/17\/le-dilemme-de-date-daccouchement\/","og_site_name":"Incarnation consciente","article_published_time":"2023-03-17T11:45:31+00:00","article_modified_time":"2024-11-06T22:05:43+00:00","og_image":[{"width":1440,"height":1080,"url":"https:\/\/incarnationconsciente.ch\/wp-content\/uploads\/2023\/03\/health-wellness_body-mind-spirit_pregnancy-fertility_benefit-of-late-pregnancy_83936933.jpg.webp","type":"image\/webp"}],"author":"Rebekka G Specht","twitter_card":"summary_large_image","twitter_misc":{"\u00c9crit par":"Rebekka G Specht","Dur\u00e9e de lecture estim\u00e9e":"7 minutes"},"schema":{"@context":"https:\/\/schema.org","@graph":[{"@type":"WebPage","@id":"https:\/\/incarnationconsciente.ch\/index.php\/2023\/03\/17\/le-dilemme-de-date-daccouchement\/","url":"https:\/\/incarnationconsciente.ch\/index.php\/2023\/03\/17\/le-dilemme-de-date-daccouchement\/","name":"Le dilemme de date d'accouchement - Incarnation consciente","isPartOf":{"@id":"https:\/\/incarnationconsciente.ch\/#website"},"primaryImageOfPage":{"@id":"https:\/\/incarnationconsciente.ch\/index.php\/2023\/03\/17\/le-dilemme-de-date-daccouchement\/#primaryimage"},"image":{"@id":"https:\/\/incarnationconsciente.ch\/index.php\/2023\/03\/17\/le-dilemme-de-date-daccouchement\/#primaryimage"},"thumbnailUrl":"https:\/\/incarnationconsciente.ch\/wp-content\/uploads\/2023\/03\/health-wellness_body-mind-spirit_pregnancy-fertility_benefit-of-late-pregnancy_83936933.jpg.webp","datePublished":"2023-03-17T11:45:31+00:00","dateModified":"2024-11-06T22:05:43+00:00","author":{"@id":"https:\/\/incarnationconsciente.ch\/#\/schema\/person\/640f61f4e65f96071562a56530f803b0"},"description":"Dilemme de date d'accouchement. Comment \u00e9viter le stress avant le terme et rester en contact avec Soi-m\u00eame.","breadcrumb":{"@id":"https:\/\/incarnationconsciente.ch\/index.php\/2023\/03\/17\/le-dilemme-de-date-daccouchement\/#breadcrumb"},"inLanguage":"fr-FR","potentialAction":[{"@type":"ReadAction","target":["https:\/\/incarnationconsciente.ch\/index.php\/2023\/03\/17\/le-dilemme-de-date-daccouchement\/"]}]},{"@type":"ImageObject","inLanguage":"fr-FR","@id":"https:\/\/incarnationconsciente.ch\/index.php\/2023\/03\/17\/le-dilemme-de-date-daccouchement\/#primaryimage","url":"https:\/\/incarnationconsciente.ch\/wp-content\/uploads\/2023\/03\/health-wellness_body-mind-spirit_pregnancy-fertility_benefit-of-late-pregnancy_83936933.jpg.webp","contentUrl":"https:\/\/incarnationconsciente.ch\/wp-content\/uploads\/2023\/03\/health-wellness_body-mind-spirit_pregnancy-fertility_benefit-of-late-pregnancy_83936933.jpg.webp","width":1440,"height":1080,"caption":"dilemme des dates d'accouchements Incarnation Consciente"},{"@type":"BreadcrumbList","@id":"https:\/\/incarnationconsciente.ch\/index.php\/2023\/03\/17\/le-dilemme-de-date-daccouchement\/#breadcrumb","itemListElement":[{"@type":"ListItem","position":1,"name":"Home","item":"https:\/\/incarnationconsciente.ch\/"},{"@type":"ListItem","position":2,"name":"Le dilemme de date d&#8217;accouchement"}]},{"@type":"WebSite","@id":"https:\/\/incarnationconsciente.ch\/#website","url":"https:\/\/incarnationconsciente.ch\/","name":"Incarnation consciente","description":"pour un accueil \u00e9veill\u00e9 &amp; une naissance spirituelle respectueuse","potentialAction":[{"@type":"SearchAction","target":{"@type":"EntryPoint","urlTemplate":"https:\/\/incarnationconsciente.ch\/?s={search_term_string}"},"query-input":{"@type":"PropertyValueSpecification","valueRequired":true,"valueName":"search_term_string"}}],"inLanguage":"fr-FR"},{"@type":"Person","@id":"https:\/\/incarnationconsciente.ch\/#\/schema\/person\/640f61f4e65f96071562a56530f803b0","name":"Rebekka G Specht","image":{"@type":"ImageObject","inLanguage":"fr-FR","@id":"https:\/\/incarnationconsciente.ch\/#\/schema\/person\/image\/","url":"https:\/\/secure.gravatar.com\/avatar\/ba370e1d0919ab46d187d559a499a7e372ab5ccd7ed110f224a8eda29d9aea0f?s=96&d=mm&r=g","contentUrl":"https:\/\/secure.gravatar.com\/avatar\/ba370e1d0919ab46d187d559a499a7e372ab5ccd7ed110f224a8eda29d9aea0f?s=96&d=mm&r=g","caption":"Rebekka G Specht"},"url":"https:\/\/incarnationconsciente.ch\/index.php\/author\/lavoix_v8339ise\/"}]}},"_links":{"self":[{"href":"https:\/\/incarnationconsciente.ch\/index.php\/wp-json\/wp\/v2\/posts\/6977","targetHints":{"allow":["GET"]}}],"collection":[{"href":"https:\/\/incarnationconsciente.ch\/index.php\/wp-json\/wp\/v2\/posts"}],"about":[{"href":"https:\/\/incarnationconsciente.ch\/index.php\/wp-json\/wp\/v2\/types\/post"}],"author":[{"embeddable":true,"href":"https:\/\/incarnationconsciente.ch\/index.php\/wp-json\/wp\/v2\/users\/1"}],"replies":[{"embeddable":true,"href":"https:\/\/incarnationconsciente.ch\/index.php\/wp-json\/wp\/v2\/comments?post=6977"}],"version-history":[{"count":20,"href":"https:\/\/incarnationconsciente.ch\/index.php\/wp-json\/wp\/v2\/posts\/6977\/revisions"}],"predecessor-version":[{"id":7396,"href":"https:\/\/incarnationconsciente.ch\/index.php\/wp-json\/wp\/v2\/posts\/6977\/revisions\/7396"}],"wp:featuredmedia":[{"embeddable":true,"href":"https:\/\/incarnationconsciente.ch\/index.php\/wp-json\/wp\/v2\/media\/6982"}],"wp:attachment":[{"href":"https:\/\/incarnationconsciente.ch\/index.php\/wp-json\/wp\/v2\/media?parent=6977"}],"wp:term":[{"taxonomy":"category","embeddable":true,"href":"https:\/\/incarnationconsciente.ch\/index.php\/wp-json\/wp\/v2\/categories?post=6977"},{"taxonomy":"post_tag","embeddable":true,"href":"https:\/\/incarnationconsciente.ch\/index.php\/wp-json\/wp\/v2\/tags?post=6977"}],"curies":[{"name":"wp","href":"https:\/\/api.w.org\/{rel}","templated":true}]}}