{"id":6655,"date":"2022-12-30T11:01:25","date_gmt":"2022-12-30T11:01:25","guid":{"rendered":"https:\/\/incarnationconsciente.ch\/?p=6655"},"modified":"2023-05-10T20:25:48","modified_gmt":"2023-05-10T20:25:48","slug":"se-preparer-a-la-grossesse","status":"publish","type":"post","link":"https:\/\/incarnationconsciente.ch\/index.php\/2022\/12\/30\/se-preparer-a-la-grossesse\/","title":{"rendered":"Pourquoi se pr\u00e9parer \u00e0 la grossesse est une n\u00e9cessit\u00e9"},"content":{"rendered":"<div id=\"pl-gb6655-6a97d95f33d3b\"  class=\"panel-layout\" ><div id=\"pg-gb6655-6a97d95f33d3b-0\"  class=\"panel-grid panel-no-style\" ><div id=\"pgc-gb6655-6a97d95f33d3b-0-0\"  class=\"panel-grid-cell\" ><div id=\"panel-gb6655-6a97d95f33d3b-0-0-0\" class=\"so-panel widget widget_text panel-first-child\" data-index=\"0\" >\t\t\t<div class=\"textwidget\"><\/div>\n\t\t<\/div><div id=\"panel-gb6655-6a97d95f33d3b-0-0-1\" class=\"so-panel widget widget_sow-editor panel-last-child\" data-index=\"1\" ><div\n\t\t\t\n\t\t\tclass=\"so-widget-sow-editor so-widget-sow-editor-base\"\n\t\t\t\n\t\t><h3 class=\"widget-title\">Pourquoi se pr\u00e9parer \u00e0 la grossesse est une n\u00e9cessit\u00e9<\/h3>\n<div class=\"siteorigin-widget-tinymce textwidget\">\n\t<h2 style=\"text-align: center;\">Prendre soin de sa sant\u00e9 pr\u00e9-conceptionelle est indispensable pour concevoir un b\u00e9b\u00e9 en bonne sant\u00e9<\/h2>\n<p>&nbsp;<\/p>\n<h6>Partie 1 :<\/h6>\n<p>R\u00e9sum\u00e9 d&rsquo;un interview en allemand avec Dr.Klinghardt de\u00a0<a href=\"https:\/\/bio360.de\/podcast\/kinderwunsch\/\" target=\"_blank\" rel=\"noopener\">bio360.<\/a><\/p>\n<p>Depuis des ann\u00e9es, la fertilit\u00e9 d&rsquo;homme et de femme est en baisse. En m\u00eame temps les probl\u00e8mes de sant\u00e9 pendant la grossesse et l&rsquo;accouchement augmentent, ainsi que le taux d&rsquo;enfant autistes.<\/p>\n<p>&nbsp;<\/p>\n<h3>Qu&rsquo;est-ce qui est \u00e0 l&rsquo;origine et quelles solutions existent ?<\/h3>\n<p>&nbsp;<\/p>\n<h4>1. Exposition aux micro-ondes\/radiations du t\u00e9l\u00e9phone portable<\/h4>\n<p>Chez l&rsquo;homme le nombre de spermatozo\u00efdes baisse de 40% apr\u00e8s seulement 2 ans d&rsquo;utilisation du t\u00e9l\u00e9phone portable. <em>!! Evitez donc de le mettre dans les poches de pantalon.<br \/>\n<\/em><\/p>\n<p><img fetchpriority=\"high\" fetchpriority=\"high\" decoding=\"async\" class=\"size-medium wp-image-6675 alignright\" src=\"https:\/\/incarnationconsciente.ch\/wp-content\/uploads\/2022\/12\/th-22-300x221.jpeg\" alt=\"micro-ondes se pr\u00e9parer \u00e0 la grossesse\" width=\"300\" height=\"221\" srcset=\"https:\/\/incarnationconsciente.ch\/wp-content\/uploads\/2022\/12\/th-22-300x221.jpeg 300w, https:\/\/incarnationconsciente.ch\/wp-content\/uploads\/2022\/12\/th-22-400x295.jpeg 400w, https:\/\/incarnationconsciente.ch\/wp-content\/uploads\/2022\/12\/th-22-430x317.jpeg 430w, https:\/\/incarnationconsciente.ch\/wp-content\/uploads\/2022\/12\/th-22-150x110.jpeg 150w, https:\/\/incarnationconsciente.ch\/wp-content\/uploads\/2022\/12\/th-22-100x74.jpeg 100w, https:\/\/incarnationconsciente.ch\/wp-content\/uploads\/2022\/12\/th-22.jpeg 474w\" sizes=\"(max-width: 300px) 100vw, 300px\" \/>La fr\u00e9quence porteuse pour tous les t\u00e9l\u00e9phones portables, y compris pour le WIFI est 2,4 GHz, dont on a pu prouver qu&rsquo;il pouvait rendre les gens st\u00e9riles au bout de 2 \u00e0 3 g\u00e9n\u00e9rations. Ce sont des r\u00e9sultats d&rsquo;exp\u00e9rimentation de Barry Trower \u00e0\u00a0l&rsquo;\u00e9poque de la guerre froide, qui a fait \u00a0des recherches sur les fr\u00e9quences dont l&rsquo;humain devrait se prot\u00e9ger.<\/p>\n<p>La technique et la fr\u00e9quence du 3G est en cause. Elle posait jusqu&rsquo;ici un probl\u00e8me peu important, parce que les antennes \u00e9taient espac\u00e9s de 0,5 km. Avec l&rsquo;installation de la 5G\u00a0(26 &#8211; 28 Ghz), qui inclut en sous-jacent toujours la technologie et la fr\u00e9quence de la 3G, les pyl\u00f4nes doivent \u00eatre plac\u00e9s tous les 100 m. Par cons\u00e9quent, les ondes sont densifi\u00e9es et augment\u00e9es en puissance.\u00a0Selon Dr. Klinghardt, il s&rsquo;agit d&rsquo;un crime incroyable contre l&rsquo;humanit\u00e9.<\/p>\n<p>&nbsp;<\/p>\n<h4 style=\"text-align: right;\">G\u00e9rer le probl\u00e8me des micro-ondes :<\/h4>\n<ul>\n<li style=\"text-align: right;\">Eteignez le routeur <strong>WLAN<\/strong> chaque fois qu&rsquo;il n&rsquo;est pas utilis\u00e9.\u00a0Pour un prix abordable il est possible d&rsquo;\u00e9quiper la maison d&rsquo;une connexion c\u00e2bl\u00e9e. Evitez\/diminuez l&rsquo;exposition au WLAN avant, pendant et apr\u00e8s la grossesse pendant les premi\u00e8res ann\u00e9es d&rsquo;enfance. Elle induit des troubles de croissance et du d\u00e9veloppement de l&rsquo;intelligence.<\/li>\n<li style=\"text-align: right;\">Remplacez les <strong>t\u00e9l\u00e9phones DECT<\/strong> qui provoquent des dommages similaires.<\/li>\n<li style=\"text-align: right;\">Bannez les <strong>t\u00e9l\u00e9phones portables<\/strong>, les tablettes et autres appareils \u00e9lectroniques de la chambre \u00e0 coucher.<\/li>\n<li style=\"text-align: right;\">Et une d\u00e9marche de plus : \u00c9teignez les fusibles de la maison, au moins des chambres \u00e0 coucher, pendant la nuit.<\/li>\n<li style=\"text-align: right;\">\u00a0Attention aux <strong>plaques \u00e0 induction<\/strong>. Elles se trouvent directement au niveau du ventre de la femme lorsqu&rsquo;elle cuisine.<\/li>\n<\/ul>\n<blockquote>\n<p style=\"text-align: center;\">La protection contre les radiations est une n\u00e9cessit\u00e9 absolue, aujourd&rsquo;hui encore plus importante que la protection contre la pollution chimique.<\/p>\n<\/blockquote>\n<p>En Chine, les femmes enceintes doivent porter une protection m\u00e9tallis\u00e9e. Vous trouvez des tissus pour coudre une telle protection p.ex. chez <a href=\"https:\/\/www.swiss-shield.ch\/swiss-shield-textiles\/wear-1\/\" target=\"_blank\" rel=\"noopener\">swiss-shield<\/a>.<\/p>\n<p>&nbsp;<\/p>\n<p>&nbsp;<\/p>\n<h4>2. Carence en min\u00e9raux<\/h4>\n<p>A nos jours, les aliments ne contiennent plus suffisamment de nutriments, en raison de la culture intensive et de la production industrielle \u00e0 bas prix.<\/p>\n<p><img decoding=\"async\" class=\"alignleft wp-image-6678 size-medium\" src=\"https:\/\/incarnationconsciente.ch\/wp-content\/uploads\/2022\/12\/AdobeStock_275951321-1920x1280-1-300x200.jpeg\" alt=\"Nutrition Se pr\u00e9parer \u00e0 la grossesse\" width=\"300\" height=\"200\" srcset=\"https:\/\/incarnationconsciente.ch\/wp-content\/uploads\/2022\/12\/AdobeStock_275951321-1920x1280-1-300x200.jpeg 300w, https:\/\/incarnationconsciente.ch\/wp-content\/uploads\/2022\/12\/AdobeStock_275951321-1920x1280-1-1024x683.jpeg 1024w, https:\/\/incarnationconsciente.ch\/wp-content\/uploads\/2022\/12\/AdobeStock_275951321-1920x1280-1-768x512.jpeg 768w, https:\/\/incarnationconsciente.ch\/wp-content\/uploads\/2022\/12\/AdobeStock_275951321-1920x1280-1-1536x1024.jpeg 1536w, https:\/\/incarnationconsciente.ch\/wp-content\/uploads\/2022\/12\/AdobeStock_275951321-1920x1280-1-750x500.jpeg 750w, https:\/\/incarnationconsciente.ch\/wp-content\/uploads\/2022\/12\/AdobeStock_275951321-1920x1280-1-400x267.jpeg 400w, https:\/\/incarnationconsciente.ch\/wp-content\/uploads\/2022\/12\/AdobeStock_275951321-1920x1280-1-430x287.jpeg 430w, https:\/\/incarnationconsciente.ch\/wp-content\/uploads\/2022\/12\/AdobeStock_275951321-1920x1280-1-150x100.jpeg 150w, https:\/\/incarnationconsciente.ch\/wp-content\/uploads\/2022\/12\/AdobeStock_275951321-1920x1280-1-100x67.jpeg 100w, https:\/\/incarnationconsciente.ch\/wp-content\/uploads\/2022\/12\/AdobeStock_275951321-1920x1280-1-272x182.jpeg 272w, https:\/\/incarnationconsciente.ch\/wp-content\/uploads\/2022\/12\/AdobeStock_275951321-1920x1280-1.jpeg 1920w\" sizes=\"(max-width: 300px) 100vw, 300px\" \/><\/p>\n<h6>Chez l&rsquo;homme<\/h6>\n<p>La carence en zinc et en Adenosintriphosphat (ATP)\u00a0r\u00e9duit la vitesse de locomotion des spermatozo\u00efdes. Rien qu&rsquo;une carence en zinc suffit \u00e0 rendre un homme st\u00e9rile.<\/p>\n<h6>Chez les femmes<\/h6>\n<p>Zinc, fer, molybd\u00e8ne et magn\u00e9sium doivent \u00eatre suppl\u00e9menter pour que les tissus de l&rsquo;ut\u00e9rus soient correctement approvisionn\u00e9s.<\/p>\n<p>&nbsp;<\/p>\n<p>&nbsp;<\/p>\n<h4 style=\"text-align: right;\">Faire un bilan :<\/h4>\n<p style=\"text-align: right;\">Allez voir un naturopathe ou m\u00e9decin-\u00e9nergeticien qui teste, non pas uniquement par le sang, mais aussi en bioresonance\/\u00e9nerg\u00e9tique ce que votre corps \u00e0 besoin et \u00e0 quelles doses.<\/p>\n<p>&nbsp;<\/p>\n<h4><\/h4>\n<p>&nbsp;<\/p>\n<h4>3) Exposition chimique &#8211; absorption par la peau et l&rsquo;alimentation<\/h4>\n<p>Les <strong>cosm\u00e9tiques<\/strong>, sp\u00e9cialement le lait corporel, les gels et les savons liquides, contiennent jusque 50% de leur poids des phtalates. Des substances chimiques, comme le bisph\u00e9nol A et les produits &lsquo;phytosanitaires&rsquo;, qui sont pr\u00e9sentes dans les produits cosm\u00e9tiques (! maquillage) affectent le syst\u00e8me endocrinien et peuvent d\u00e9truire les spermatozo\u00efdes et les ovules.<\/p>\n<p>L&rsquo;ordinateur \u00e9met pendant un certain temps des <strong>vapeurs toxiques<\/strong>, comme le ph\u00e9nyl-esther, qui sont rapidement absorb\u00e9s par la peau, les yeux, le nez et la bouche.<\/p>\n<p>La <strong>nourriture<\/strong> contient des substances de type hormonal issue de l&rsquo;environnement pollu\u00e9 et de la culture agrochimique. M\u00eame la nourriture bio contient, dans les valeurs limites r\u00e9glement\u00e9es, 80% des substances nocives qu&rsquo;on trouve dans la nourriture conventionnelle.<br \/>\nEx. en Angleterre et aux USA, les myrtilles organiques\/bio sont contamin\u00e9es par le glyphosate. Pendant la croissance, elles ne doivent pas \u00eatre trait\u00e9es, mais apr\u00e8s la r\u00e9colte elles le sont pour \u00e9viter qu&rsquo;elles ne pourrissent pas. (Mieux prendre les congel\u00e9es.)<\/p>\n<p>&nbsp;<\/p>\n<h4 style=\"text-align: right;\">Comment se pr\u00e9server :<\/h4>\n<ul>\n<li style=\"text-align: right;\">Changez aux produits cosm\u00e9tiques et savons naturels. Revenez au naturel.<\/li>\n<li style=\"text-align: right;\">Tenez-vous \u00e0 distance au nouveau appareil \u00e9lectronique ainsi que des vapeurs toxiques des peintures, etc..<\/li>\n<li style=\"text-align: right;\">Trempez vos l\u00e9gumes dans l&rsquo;eau avec du bicarbonate de soude ou mettez Chlorax dans l&rsquo;eau pour les laver.<\/li>\n<li style=\"text-align: right;\">Am\u00e9liorez votre alimentation. Allez vers le bio (non-emball\u00e9) ou le paysan \u00e0 c\u00f4t\u00e9 de chez vous. Achetez de saison.<\/li>\n<\/ul>\n<p>&nbsp;<\/p>\n<p>Le danger invisible est la <strong>pollution environnementale<\/strong> qui nous envahit en permanence, que ce soit par les r\u00e9sidus des m\u00e9dicaments\/hormones ou le glyphosate, hydrosoluble, dans le circuit d&rsquo;eau.\u00a0P.ex. le Round-Up contient plus que 60 substances chimique, dont la substance centrale : le glyphosate.<\/p>\n<ul>\n<li style=\"text-align: right;\">Si cela est faisable pour vous, installez un purificateur d&rsquo;eau potable pour \u00e9liminer les hormones et les nanoparticules de l&rsquo;eau du robinet.<\/li>\n<\/ul>\n<p>&nbsp;<\/p>\n<p>Les analyses des ingr\u00e9dients des vaccins, faites par Dr. Stephanie Seneff, ont montr\u00e9 des r\u00e9sidus de glyphosate (qui rend st\u00e9rile) et du plomb (diminue l&rsquo;intelligence). Qu&rsquo;est-ce ces toxines y font ?\u00a0(<em>Dr. Klinghardt n&rsquo;est pas contre le concept des vaccins.<\/em>)<\/p>\n<p>L&rsquo;\u00e9conomie agricole doit \u00eatre mise sens dessus dessous ! Le sol manque de champignons sains capables de transformer les polluants du sol en substances nutritives.\u00a0Presque tous les produits agrochimiques qui nous arrivent dans la nourriture ont une influence n\u00e9gative sur la f\u00e9rtilit\u00e9.<\/p>\n<p>&nbsp;<\/p>\n<h4><\/h4>\n<p>&nbsp;<\/p>\n<h4>(4) Air pollu\u00e9 &amp; Nuages artificiels<\/h4>\n<p>Contrails &#8211; tra\u00een\u00e9es de condensation derri\u00e8re les avions, apr\u00e8s la combustion du p\u00e9trole, qui g\u00e9n\u00e8re de la vapeur d&rsquo;eau et ne devrait laisser que du CO2 et du H2O + quelques poussi\u00e8res fines. Il dispara\u00eet apr\u00e8s 30-60 sec.<\/p>\n<p><img decoding=\"async\" class=\"size-medium wp-image-6686 alignright\" src=\"https:\/\/incarnationconsciente.ch\/wp-content\/uploads\/2022\/12\/th-33-300x225.jpeg\" alt=\"air pollu\u00e9 se pr\u00e9parer \u00e0 la grossesse\" width=\"300\" height=\"225\" srcset=\"https:\/\/incarnationconsciente.ch\/wp-content\/uploads\/2022\/12\/th-33-300x225.jpeg 300w, https:\/\/incarnationconsciente.ch\/wp-content\/uploads\/2022\/12\/th-33-400x300.jpeg 400w, https:\/\/incarnationconsciente.ch\/wp-content\/uploads\/2022\/12\/th-33-430x322.jpeg 430w, https:\/\/incarnationconsciente.ch\/wp-content\/uploads\/2022\/12\/th-33-150x112.jpeg 150w, https:\/\/incarnationconsciente.ch\/wp-content\/uploads\/2022\/12\/th-33-100x75.jpeg 100w, https:\/\/incarnationconsciente.ch\/wp-content\/uploads\/2022\/12\/th-33.jpeg 474w\" sizes=\"(max-width: 300px) 100vw, 300px\" \/>Chemtrails &#8211; la formation de tra\u00een\u00e9es derri\u00e8re les avions qui persistent plus longtemps, qui s&rsquo;\u00e9tendent en s&rsquo;\u00e9coulant et cr\u00e9ent ensuite une couverture grise et brumeuse. Ce qui est projet\u00e9 dans le ciel n&rsquo;a rien \u00e0 voir avec la combustion normale. On suppose qu&rsquo;il y a des substances dans le carburant qui n&rsquo;y devraient pas \u00eatre ; ou bien des substances sont \u00e9pandues \u00e0 un niveau sup\u00e9rieur pour lutter contre le soi-disant \u00ab\u00a0r\u00e9chauffement climatique\u00a0\u00bb en r\u00e9pandant des nanoparticules qui vont refl\u00e9ter les rayons du soleil. Mais il y a encore plus derri\u00e8re. La technique est utilis\u00e9e comme une arme de guerre. P.ex. l&rsquo;Iran a d\u00e9pos\u00e9 plainte contre les Etats-Unis, accus\u00e9s d&rsquo;avoir manipul\u00e9 la m\u00e9t\u00e9o de la fa\u00e7on \u00e0 ce qu&rsquo;ils re\u00e7oivent tout de l&rsquo;eau de pluie n\u00e9cessaire pour leur plantations et cultures et que l&rsquo;Iran s&rsquo;ass\u00e8che.<\/p>\n<h5><\/h5>\n<p>&nbsp;<\/p>\n<h5>De quoi se constituent ses particules ?<\/h5>\n<p>Ce sont des particules microscopiques de plastique charg\u00e9es d&rsquo;aluminium, de titane et de fer\u00a0micronis\u00e9.\u00a0Les particules en suspension restent assez longtemps dans l&rsquo;air, mais tombent au fur et \u00e0 mesure en quelques jours ou une semaine sur la Terre. Ils contiennent aussi du glyphosate. Nous le respirons. Les plantes, qu&rsquo;elles soient cultiv\u00e9es bio ou conventionnelles, en sont constamment arros\u00e9es. Ces nanoparticules sont m\u00eame retrouv\u00e9e dans l&rsquo;eau potable. Toutes les eaux de la Terre sont recouvertes d&rsquo;elles, comme d&rsquo;une couverture en plastique avec de graves cons\u00e9quences sur le cycle naturel de l&rsquo;eau.<\/p>\n<p><img loading=\"lazy\" loading=\"lazy\" decoding=\"async\" class=\"size-medium wp-image-6684 alignleft\" src=\"https:\/\/incarnationconsciente.ch\/wp-content\/uploads\/2022\/12\/Algen-Unterwasser-mit-Sonnenlicht-768x432.jpeg-300x169.webp\" alt=\"Oxygen se pr\u00e9parer \u00e0 la grossesse\" width=\"300\" height=\"169\" srcset=\"https:\/\/incarnationconsciente.ch\/wp-content\/uploads\/2022\/12\/Algen-Unterwasser-mit-Sonnenlicht-768x432.jpeg-300x169.webp 300w, https:\/\/incarnationconsciente.ch\/wp-content\/uploads\/2022\/12\/Algen-Unterwasser-mit-Sonnenlicht-768x432.jpeg-750x422.webp 750w, https:\/\/incarnationconsciente.ch\/wp-content\/uploads\/2022\/12\/Algen-Unterwasser-mit-Sonnenlicht-768x432.jpeg-400x225.webp 400w, https:\/\/incarnationconsciente.ch\/wp-content\/uploads\/2022\/12\/Algen-Unterwasser-mit-Sonnenlicht-768x432.jpeg-430x242.webp 430w, https:\/\/incarnationconsciente.ch\/wp-content\/uploads\/2022\/12\/Algen-Unterwasser-mit-Sonnenlicht-768x432.jpeg-150x84.webp 150w, https:\/\/incarnationconsciente.ch\/wp-content\/uploads\/2022\/12\/Algen-Unterwasser-mit-Sonnenlicht-768x432.jpeg-100x56.webp 100w, https:\/\/incarnationconsciente.ch\/wp-content\/uploads\/2022\/12\/Algen-Unterwasser-mit-Sonnenlicht-768x432.jpeg.webp 768w\" sizes=\"auto, (max-width: 300px) 100vw, 300px\" \/>Seuls 50 \u00e0 60% du liquide de la mer s&rsquo;\u00e9vapore (par rapport \u00e0 il y a 20 ans). L&rsquo;atmosph\u00e8re est ass\u00e9ch\u00e9e. La pluie est presque r\u00e9duite de moiti\u00e9. L&rsquo;oxyg\u00e8ne est produit \u00e0 80 % par les algues marines, et non pas par la for\u00eat vierge. Les algues ont besoin de la lumi\u00e8re du soleil pour fournir ce service. Actuellement les algues peuvent encore produire de l&rsquo;oxyg\u00e8ne, mais celui-ci doit passer \u00e0 travers la couverture plastique.<\/p>\n<p>Le circuit naturel de r\u00e9gulation de climat : quand il fait chaud, l&rsquo;\u00e9vaporation de l&rsquo;eau est plus importante. Des nuages se forment naturellement en se remplissant de l&rsquo;eau. Ils prot\u00e8gent du soleil et entra\u00eenent la pluie et le refroidissement. Aujourd&rsquo;hui ce circuit est d\u00e9r\u00e9gl\u00e9s. Les nuages sont artificiels et ne produisent plus de pluie.<\/p>\n<p>En 1899\/1900, le taux d&rsquo;oxyg\u00e8ne dans l&rsquo;air \u00e9tait \u00e0 30% O2.<\/p>\n<p>Aujourd&rsquo;hui il est \u00e0 18%, dans certaines grandes villes seulement \u00e0 16%.<\/p>\n<p>&nbsp;<\/p>\n<h5>Pourquoi tout ceci est important pour une future grossesse ?<\/h5>\n<p>Moins il y a d&rsquo;oxyg\u00e8ne, le plus il est difficile de concevoir et porter des enfants. Lorsque la nature se rend compte qu&rsquo;il n&rsquo;y a pas de conditions optimales, elle fait automatiquement chuter la fertilit\u00e9.<\/p>\n<h4><\/h4>\n<p>&nbsp;<\/p>\n<h4 style=\"text-align: right;\">Recommandation pour les femmes enceintes :<\/h4>\n<p style=\"text-align: right;\">Si vous habitez dans une grande ville et loin de la nature, un concentrateur d&rsquo;oxyg\u00e8ne pour purifier l&rsquo;air ambiant et augmenter le taux d&rsquo;O2 peut \u00eatre utile; si vous le pouvez mettez les caules nasales pendant la nuit.<br \/>\nLes \u00e9tudes montrent qu&rsquo;avec un traitement d&rsquo;oxyg\u00e8ne, le taux d&rsquo;accouchement naturel augemente. Il n&rsquo;y a plus de pr\u00e9-\u00e9clampsie ni d&rsquo;\u00e9clampsie, plus de c\u00e9sarienne, est ceci, simplement gr\u00e2ce \u00e0 l&rsquo;apport de l&rsquo;oxyg\u00e8ne.<\/p>\n<p>Beaucoup n\u00e9gligent l&rsquo;impact de l&rsquo;air rempli de glyphosate et nanoparticules.<\/p>\n<h5><\/h5>\n<p>&nbsp;<\/p>\n<h2>L&rsquo;autisme<\/h2>\n<p>En examinant les cerveaux des autistes d\u00e9c\u00e9d\u00e9s, Chris Axley a d\u00e9couvert des quantit\u00e9s astronomiques d&rsquo;aluminium. Ses recherches montraient que le\u00a0glyphosate forme avec l&rsquo;aluminium de nouvelles mol\u00e9cules biochimiques synergiques qui peuvent facilement passer la barri\u00e8re h\u00e9mato-enc\u00e9phalique et atteindre le cerveau.<\/p>\n<p>L&rsquo;hyperactivit\u00e9 chez les enfants, ainsi que la maladie d&rsquo;Alzheimer et la D\u00e9mence sont dues aux m\u00eames origines.<\/p>\n<p>Une correlation a pu aussi \u00eatre trouv\u00e9 entre des b\u00e9b\u00e9s n\u00e9s autistes et une forte exposition aux radiations \u00e9lectro-magn\u00e9tiques\/des micro-ondes sur lieu o\u00f9 dormaient des mamans pendant la grossesse.<\/p>\n<p style=\"text-align: center;\">&#8230;&#8230;&#8230;&#8230;&#8230;&#8230;&#8230;&#8230;<\/p>\n<p>Les solutions sont propos\u00e9es dans l&rsquo;article suivant : \u00ab\u00a0<a href=\"https:\/\/incarnationconsciente.ch\/index.php\/2022\/12\/30\/comment-preparer-son-corps-a-la-grossesse\/\" target=\"_blank\" rel=\"noopener\">Comment pr\u00e9parer son corps concr\u00e8tement \u00e0 la grossesse<\/a>.\u00a0\u00bb<\/p>\n<p>&nbsp;<\/p>\n<\/div>\n<\/div><\/div><\/div><\/div><\/div>","protected":false},"excerpt":{"rendered":"<p>Prendre soin de sa sant\u00e9 pr\u00e9-conceptionelle est indispensable pour concevoir un b\u00e9b\u00e9 en bonne sant\u00e9 &nbsp; Partie 1 : R\u00e9sum\u00e9 d&rsquo;un interview en allemand avec Dr.Klinghardt de\u00a0bio360. Depuis des ann\u00e9es, [&hellip;]<\/p>\n","protected":false},"author":1,"featured_media":6658,"comment_status":"closed","ping_status":"closed","sticky":false,"template":"elementor_header_footer","format":"standard","meta":{"footnotes":""},"categories":[61,31],"tags":[],"class_list":["post-6655","post","type-post","status-publish","format-standard","has-post-thumbnail","hentry","category-conception","category-grossesse"],"yoast_head":"<!-- This site is optimized with the Yoast SEO plugin v24.9 - https:\/\/yoast.com\/wordpress\/plugins\/seo\/ -->\n<title>Pourquoi se pr\u00e9parer \u00e0 la grossesse ? - Incarnation consciente<\/title>\n<meta name=\"description\" content=\"Pour concevoir un enfant en bonne sant\u00e9, il est aujourd&#039;hui n\u00e9cessaire de se pr\u00e9parer \u00e0 la grossesse. Quels facteurs sont en jeu ?\" \/>\n<meta name=\"robots\" content=\"index, follow, max-snippet:-1, max-image-preview:large, max-video-preview:-1\" \/>\n<link rel=\"canonical\" href=\"https:\/\/incarnationconsciente.ch\/index.php\/2022\/12\/30\/se-preparer-a-la-grossesse\/\" \/>\n<meta property=\"og:locale\" content=\"fr_FR\" \/>\n<meta property=\"og:type\" content=\"article\" \/>\n<meta property=\"og:title\" content=\"Pourquoi se pr\u00e9parer \u00e0 la grossesse ? - Incarnation consciente\" \/>\n<meta property=\"og:description\" content=\"Pour concevoir un enfant en bonne sant\u00e9, il est aujourd&#039;hui n\u00e9cessaire de se pr\u00e9parer \u00e0 la grossesse. Quels facteurs sont en jeu ?\" \/>\n<meta property=\"og:url\" content=\"https:\/\/incarnationconsciente.ch\/index.php\/2022\/12\/30\/se-preparer-a-la-grossesse\/\" \/>\n<meta property=\"og:site_name\" content=\"Incarnation consciente\" \/>\n<meta property=\"article:published_time\" content=\"2022-12-30T11:01:25+00:00\" \/>\n<meta property=\"article:modified_time\" content=\"2023-05-10T20:25:48+00:00\" \/>\n<meta property=\"og:image\" content=\"https:\/\/incarnationconsciente.ch\/wp-content\/uploads\/2022\/12\/portrait-beautiful-expressive-laughing-baby-holds-head-up-scaled-e1672397945614.jpg\" \/>\n\t<meta property=\"og:image:width\" content=\"2278\" \/>\n\t<meta property=\"og:image:height\" content=\"1707\" \/>\n\t<meta property=\"og:image:type\" content=\"image\/jpeg\" \/>\n<meta name=\"author\" content=\"Rebekka G Specht\" \/>\n<meta name=\"twitter:card\" content=\"summary_large_image\" \/>\n<meta name=\"twitter:label1\" content=\"\u00c9crit par\" \/>\n\t<meta name=\"twitter:data1\" content=\"Rebekka G Specht\" \/>\n\t<meta name=\"twitter:label2\" content=\"Dur\u00e9e de lecture estim\u00e9e\" \/>\n\t<meta name=\"twitter:data2\" content=\"9 minutes\" \/>\n<script type=\"application\/ld+json\" class=\"yoast-schema-graph\">{\"@context\":\"https:\/\/schema.org\",\"@graph\":[{\"@type\":\"WebPage\",\"@id\":\"https:\/\/incarnationconsciente.ch\/index.php\/2022\/12\/30\/se-preparer-a-la-grossesse\/\",\"url\":\"https:\/\/incarnationconsciente.ch\/index.php\/2022\/12\/30\/se-preparer-a-la-grossesse\/\",\"name\":\"Pourquoi se pr\u00e9parer \u00e0 la grossesse ? - Incarnation consciente\",\"isPartOf\":{\"@id\":\"https:\/\/incarnationconsciente.ch\/#website\"},\"primaryImageOfPage\":{\"@id\":\"https:\/\/incarnationconsciente.ch\/index.php\/2022\/12\/30\/se-preparer-a-la-grossesse\/#primaryimage\"},\"image\":{\"@id\":\"https:\/\/incarnationconsciente.ch\/index.php\/2022\/12\/30\/se-preparer-a-la-grossesse\/#primaryimage\"},\"thumbnailUrl\":\"https:\/\/incarnationconsciente.ch\/wp-content\/uploads\/2022\/12\/portrait-beautiful-expressive-laughing-baby-holds-head-up-scaled-e1672397945614.jpg\",\"datePublished\":\"2022-12-30T11:01:25+00:00\",\"dateModified\":\"2023-05-10T20:25:48+00:00\",\"author\":{\"@id\":\"https:\/\/incarnationconsciente.ch\/#\/schema\/person\/640f61f4e65f96071562a56530f803b0\"},\"description\":\"Pour concevoir un enfant en bonne sant\u00e9, il est aujourd'hui n\u00e9cessaire de se pr\u00e9parer \u00e0 la grossesse. Quels facteurs sont en jeu ?\",\"breadcrumb\":{\"@id\":\"https:\/\/incarnationconsciente.ch\/index.php\/2022\/12\/30\/se-preparer-a-la-grossesse\/#breadcrumb\"},\"inLanguage\":\"fr-FR\",\"potentialAction\":[{\"@type\":\"ReadAction\",\"target\":[\"https:\/\/incarnationconsciente.ch\/index.php\/2022\/12\/30\/se-preparer-a-la-grossesse\/\"]}]},{\"@type\":\"ImageObject\",\"inLanguage\":\"fr-FR\",\"@id\":\"https:\/\/incarnationconsciente.ch\/index.php\/2022\/12\/30\/se-preparer-a-la-grossesse\/#primaryimage\",\"url\":\"https:\/\/incarnationconsciente.ch\/wp-content\/uploads\/2022\/12\/portrait-beautiful-expressive-laughing-baby-holds-head-up-scaled-e1672397945614.jpg\",\"contentUrl\":\"https:\/\/incarnationconsciente.ch\/wp-content\/uploads\/2022\/12\/portrait-beautiful-expressive-laughing-baby-holds-head-up-scaled-e1672397945614.jpg\",\"width\":2278,\"height\":1707,\"caption\":\"Portrait of a beautiful expressive happy laughing baby, holds head up. Family, baby development concept photo, lifestyle\"},{\"@type\":\"BreadcrumbList\",\"@id\":\"https:\/\/incarnationconsciente.ch\/index.php\/2022\/12\/30\/se-preparer-a-la-grossesse\/#breadcrumb\",\"itemListElement\":[{\"@type\":\"ListItem\",\"position\":1,\"name\":\"Home\",\"item\":\"https:\/\/incarnationconsciente.ch\/\"},{\"@type\":\"ListItem\",\"position\":2,\"name\":\"Pourquoi se pr\u00e9parer \u00e0 la grossesse est une n\u00e9cessit\u00e9\"}]},{\"@type\":\"WebSite\",\"@id\":\"https:\/\/incarnationconsciente.ch\/#website\",\"url\":\"https:\/\/incarnationconsciente.ch\/\",\"name\":\"Incarnation consciente\",\"description\":\"pour un accueil \u00e9veill\u00e9 &amp; une naissance spirituelle respectueuse\",\"potentialAction\":[{\"@type\":\"SearchAction\",\"target\":{\"@type\":\"EntryPoint\",\"urlTemplate\":\"https:\/\/incarnationconsciente.ch\/?s={search_term_string}\"},\"query-input\":{\"@type\":\"PropertyValueSpecification\",\"valueRequired\":true,\"valueName\":\"search_term_string\"}}],\"inLanguage\":\"fr-FR\"},{\"@type\":\"Person\",\"@id\":\"https:\/\/incarnationconsciente.ch\/#\/schema\/person\/640f61f4e65f96071562a56530f803b0\",\"name\":\"Rebekka G Specht\",\"image\":{\"@type\":\"ImageObject\",\"inLanguage\":\"fr-FR\",\"@id\":\"https:\/\/incarnationconsciente.ch\/#\/schema\/person\/image\/\",\"url\":\"https:\/\/secure.gravatar.com\/avatar\/ba370e1d0919ab46d187d559a499a7e372ab5ccd7ed110f224a8eda29d9aea0f?s=96&d=mm&r=g\",\"contentUrl\":\"https:\/\/secure.gravatar.com\/avatar\/ba370e1d0919ab46d187d559a499a7e372ab5ccd7ed110f224a8eda29d9aea0f?s=96&d=mm&r=g\",\"caption\":\"Rebekka G Specht\"},\"url\":\"https:\/\/incarnationconsciente.ch\/index.php\/author\/lavoix_v8339ise\/\"}]}<\/script>\n<!-- \/ Yoast SEO plugin. -->","yoast_head_json":{"title":"Pourquoi se pr\u00e9parer \u00e0 la grossesse ? - Incarnation consciente","description":"Pour concevoir un enfant en bonne sant\u00e9, il est aujourd'hui n\u00e9cessaire de se pr\u00e9parer \u00e0 la grossesse. Quels facteurs sont en jeu ?","robots":{"index":"index","follow":"follow","max-snippet":"max-snippet:-1","max-image-preview":"max-image-preview:large","max-video-preview":"max-video-preview:-1"},"canonical":"https:\/\/incarnationconsciente.ch\/index.php\/2022\/12\/30\/se-preparer-a-la-grossesse\/","og_locale":"fr_FR","og_type":"article","og_title":"Pourquoi se pr\u00e9parer \u00e0 la grossesse ? - Incarnation consciente","og_description":"Pour concevoir un enfant en bonne sant\u00e9, il est aujourd'hui n\u00e9cessaire de se pr\u00e9parer \u00e0 la grossesse. Quels facteurs sont en jeu ?","og_url":"https:\/\/incarnationconsciente.ch\/index.php\/2022\/12\/30\/se-preparer-a-la-grossesse\/","og_site_name":"Incarnation consciente","article_published_time":"2022-12-30T11:01:25+00:00","article_modified_time":"2023-05-10T20:25:48+00:00","og_image":[{"width":2278,"height":1707,"url":"https:\/\/incarnationconsciente.ch\/wp-content\/uploads\/2022\/12\/portrait-beautiful-expressive-laughing-baby-holds-head-up-scaled-e1672397945614.jpg","type":"image\/jpeg"}],"author":"Rebekka G Specht","twitter_card":"summary_large_image","twitter_misc":{"\u00c9crit par":"Rebekka G Specht","Dur\u00e9e de lecture estim\u00e9e":"9 minutes"},"schema":{"@context":"https:\/\/schema.org","@graph":[{"@type":"WebPage","@id":"https:\/\/incarnationconsciente.ch\/index.php\/2022\/12\/30\/se-preparer-a-la-grossesse\/","url":"https:\/\/incarnationconsciente.ch\/index.php\/2022\/12\/30\/se-preparer-a-la-grossesse\/","name":"Pourquoi se pr\u00e9parer \u00e0 la grossesse ? - Incarnation consciente","isPartOf":{"@id":"https:\/\/incarnationconsciente.ch\/#website"},"primaryImageOfPage":{"@id":"https:\/\/incarnationconsciente.ch\/index.php\/2022\/12\/30\/se-preparer-a-la-grossesse\/#primaryimage"},"image":{"@id":"https:\/\/incarnationconsciente.ch\/index.php\/2022\/12\/30\/se-preparer-a-la-grossesse\/#primaryimage"},"thumbnailUrl":"https:\/\/incarnationconsciente.ch\/wp-content\/uploads\/2022\/12\/portrait-beautiful-expressive-laughing-baby-holds-head-up-scaled-e1672397945614.jpg","datePublished":"2022-12-30T11:01:25+00:00","dateModified":"2023-05-10T20:25:48+00:00","author":{"@id":"https:\/\/incarnationconsciente.ch\/#\/schema\/person\/640f61f4e65f96071562a56530f803b0"},"description":"Pour concevoir un enfant en bonne sant\u00e9, il est aujourd'hui n\u00e9cessaire de se pr\u00e9parer \u00e0 la grossesse. Quels facteurs sont en jeu ?","breadcrumb":{"@id":"https:\/\/incarnationconsciente.ch\/index.php\/2022\/12\/30\/se-preparer-a-la-grossesse\/#breadcrumb"},"inLanguage":"fr-FR","potentialAction":[{"@type":"ReadAction","target":["https:\/\/incarnationconsciente.ch\/index.php\/2022\/12\/30\/se-preparer-a-la-grossesse\/"]}]},{"@type":"ImageObject","inLanguage":"fr-FR","@id":"https:\/\/incarnationconsciente.ch\/index.php\/2022\/12\/30\/se-preparer-a-la-grossesse\/#primaryimage","url":"https:\/\/incarnationconsciente.ch\/wp-content\/uploads\/2022\/12\/portrait-beautiful-expressive-laughing-baby-holds-head-up-scaled-e1672397945614.jpg","contentUrl":"https:\/\/incarnationconsciente.ch\/wp-content\/uploads\/2022\/12\/portrait-beautiful-expressive-laughing-baby-holds-head-up-scaled-e1672397945614.jpg","width":2278,"height":1707,"caption":"Portrait of a beautiful expressive happy laughing baby, holds head up. Family, baby development concept photo, lifestyle"},{"@type":"BreadcrumbList","@id":"https:\/\/incarnationconsciente.ch\/index.php\/2022\/12\/30\/se-preparer-a-la-grossesse\/#breadcrumb","itemListElement":[{"@type":"ListItem","position":1,"name":"Home","item":"https:\/\/incarnationconsciente.ch\/"},{"@type":"ListItem","position":2,"name":"Pourquoi se pr\u00e9parer \u00e0 la grossesse est une n\u00e9cessit\u00e9"}]},{"@type":"WebSite","@id":"https:\/\/incarnationconsciente.ch\/#website","url":"https:\/\/incarnationconsciente.ch\/","name":"Incarnation consciente","description":"pour un accueil \u00e9veill\u00e9 &amp; une naissance spirituelle respectueuse","potentialAction":[{"@type":"SearchAction","target":{"@type":"EntryPoint","urlTemplate":"https:\/\/incarnationconsciente.ch\/?s={search_term_string}"},"query-input":{"@type":"PropertyValueSpecification","valueRequired":true,"valueName":"search_term_string"}}],"inLanguage":"fr-FR"},{"@type":"Person","@id":"https:\/\/incarnationconsciente.ch\/#\/schema\/person\/640f61f4e65f96071562a56530f803b0","name":"Rebekka G Specht","image":{"@type":"ImageObject","inLanguage":"fr-FR","@id":"https:\/\/incarnationconsciente.ch\/#\/schema\/person\/image\/","url":"https:\/\/secure.gravatar.com\/avatar\/ba370e1d0919ab46d187d559a499a7e372ab5ccd7ed110f224a8eda29d9aea0f?s=96&d=mm&r=g","contentUrl":"https:\/\/secure.gravatar.com\/avatar\/ba370e1d0919ab46d187d559a499a7e372ab5ccd7ed110f224a8eda29d9aea0f?s=96&d=mm&r=g","caption":"Rebekka G Specht"},"url":"https:\/\/incarnationconsciente.ch\/index.php\/author\/lavoix_v8339ise\/"}]}},"_links":{"self":[{"href":"https:\/\/incarnationconsciente.ch\/index.php\/wp-json\/wp\/v2\/posts\/6655","targetHints":{"allow":["GET"]}}],"collection":[{"href":"https:\/\/incarnationconsciente.ch\/index.php\/wp-json\/wp\/v2\/posts"}],"about":[{"href":"https:\/\/incarnationconsciente.ch\/index.php\/wp-json\/wp\/v2\/types\/post"}],"author":[{"embeddable":true,"href":"https:\/\/incarnationconsciente.ch\/index.php\/wp-json\/wp\/v2\/users\/1"}],"replies":[{"embeddable":true,"href":"https:\/\/incarnationconsciente.ch\/index.php\/wp-json\/wp\/v2\/comments?post=6655"}],"version-history":[{"count":42,"href":"https:\/\/incarnationconsciente.ch\/index.php\/wp-json\/wp\/v2\/posts\/6655\/revisions"}],"predecessor-version":[{"id":7311,"href":"https:\/\/incarnationconsciente.ch\/index.php\/wp-json\/wp\/v2\/posts\/6655\/revisions\/7311"}],"wp:featuredmedia":[{"embeddable":true,"href":"https:\/\/incarnationconsciente.ch\/index.php\/wp-json\/wp\/v2\/media\/6658"}],"wp:attachment":[{"href":"https:\/\/incarnationconsciente.ch\/index.php\/wp-json\/wp\/v2\/media?parent=6655"}],"wp:term":[{"taxonomy":"category","embeddable":true,"href":"https:\/\/incarnationconsciente.ch\/index.php\/wp-json\/wp\/v2\/categories?post=6655"},{"taxonomy":"post_tag","embeddable":true,"href":"https:\/\/incarnationconsciente.ch\/index.php\/wp-json\/wp\/v2\/tags?post=6655"}],"curies":[{"name":"wp","href":"https:\/\/api.w.org\/{rel}","templated":true}]}}