{"id":6630,"date":"2022-12-09T17:55:12","date_gmt":"2022-12-09T17:55:12","guid":{"rendered":"https:\/\/incarnationconsciente.ch\/?p=6630"},"modified":"2023-04-25T14:59:28","modified_gmt":"2023-04-25T14:59:28","slug":"preconception-jusqua-laccouchement","status":"publish","type":"post","link":"https:\/\/incarnationconsciente.ch\/index.php\/2022\/12\/09\/preconception-jusqua-laccouchement\/","title":{"rendered":"De la pr\u00e9conception jusqu&rsquo;\u00e0 l&rsquo;accouchement"},"content":{"rendered":"<div id=\"pl-6630\"  class=\"panel-layout\" ><div id=\"pg-6630-0\"  class=\"panel-grid panel-no-style\" ><div id=\"pgc-6630-0-0\"  class=\"panel-grid-cell\" ><div id=\"panel-6630-0-0-0\" class=\"so-panel widget widget_text panel-first-child\" data-index=\"0\" >\t\t\t<div class=\"textwidget\"><\/div>\n\t\t<\/div><div id=\"panel-6630-0-0-1\" class=\"so-panel widget widget_sow-editor panel-last-child\" data-index=\"1\" ><div\n\t\t\t\n\t\t\tclass=\"so-widget-sow-editor so-widget-sow-editor-base\"\n\t\t\t\n\t\t><h3 class=\"widget-title\">De la pr\u00e9conception jusqu'\u00e0 l'accouchement<\/h3>\n<div class=\"siteorigin-widget-tinymce textwidget\">\n\t<div class=\"page\" title=\"Page 1\">\n<div class=\"layoutArea\">\n<div class=\"column\">\n<h2 style=\"text-align: center;\">T\u00e9moignage d'un accompagnement complet d'Incarnation Consciente<\/h2>\n<p>&nbsp;<\/p>\n<p>Nous avons eu l\u2019immense chance de pouvoir faire toute l\u2019aventure de notre pre\u0301conception, grossesse et accouchement accompagne\u0301s par Rebekka. Ce fut pour nous un accompagnement exceptionnel, rempli de bonheur et de joie.<\/p>\n<p style=\"text-align: center;\">----------------<\/p>\n<h4>Atelier : Pr\u00e9paration consciente \u00e0 la grossesse<\/h4>\n<p>J\u2019ai commence\u0301 par l\u2019atelier \u2018\u2019la <a href=\"https:\/\/incarnationconsciente.ch\/index.php\/services\/conception-en-conscience\/\" target=\"_blank\" rel=\"noopener\"><strong>pre\u0301paration consciente a\u0300 la grossesse<\/strong><\/a>\u2019\u2019 de deux jours \u00e0 la suite duquel, j\u2019ai sentie mon corps <strong>pre\u0302t a accueillir mon enfant.<\/strong>\u00a0C'\u00e9tait comme si le nid ou mon be\u0301be\u0301 allait prendre place avait e\u0301te\u0301 purifi\u00e9 et nettoy\u00e9. Cet endroit e\u0301tait devenu un endroit neutre, sans attentes et sans anciennes blessures et me\u0301moires, que ce soit les miennes ou celles transmises par le transge\u0301ne\u0301rationnel. Ce petit cocon chaleureux n'attendait plus qu\u2019a accueillir la vie. J\u2019ai vraiment ressenti ce changement l\u2019inte\u0301rieur de chacune de mes cellules, mon corps qui se pre\u0301parait \u00e0 cela. Suite \u00e0 cet atelier, je savais que le jour ou l\u2019a\u0302me de mon be\u0301be\u0301 de\u0301ciderait de s\u2019incarner, elle resterait pr\u00e8s de nous. Je n\u2019avais plus peur de faire une fausse couche.<\/p>\n<p>&nbsp;<\/p>\n<h4>Le livre : Dialoguer avec l'\u00e2me du b\u00e9b\u00e9<\/h4>\n<p>Mon mari et moi avant e\u0301galement lu le merveilleux livre de Rebekka. \u2018\u2019 <a href=\"https:\/\/arrivee-d-ame.anisarania.ch\" target=\"_blank\" rel=\"noopener\"><strong>Dialoguer avec l\u2019a\u0302me du be\u0301be\u0301<\/strong><\/a>, pour vivre une naissance spirituelle respectueuse \u2018\u2019. Suite a\u0300 cette lecture nous avons mis en place les petits rituels propose\u0301s et avons eu la merveilleuse surprise que notre be\u0301be\u0301 de\u0301cide de faire son nid a\u0300 l\u2019inte\u0301rieur de mon ventre de\u0300s le premier cycle o\u00f9 nous avions de\u0301cide\u0301 d\u2019accueillir un be\u0301be\u0301 au sein de notre foyer rempli d\u2019amour a\u0300 donner.<\/p>\n<p>&nbsp;<\/p>\n<h4>Accompagnement : Grossesse en conscience<\/h4>\n<p>Apre\u0300s la plus belle nouvelle de notre vie, d\u2019apprendre que j\u2019e\u0301tais enceinte, nous avons commence\u0301 avec Rebekka l\u2019<a href=\"https:\/\/incarnationconsciente.ch\/index.php\/services\/grossesse\/\" target=\"_blank\" rel=\"noopener\"><strong>accompagnement de grossesse<\/strong><\/a>. Nous e\u0301tions tellement heureux et impatients de commencer cette aventure, que lors de notre premie\u0300re rencontre j\u2019e\u0301tais enceinte de seulement 8 semaines.<\/p>\n<p>Je me reme\u0301more ces se\u0301ances d\u2019accompagnement avec une telle <strong>joie et des e\u0301toiles pleins les yeux<\/strong>. J\u2019e\u0301tais tellement impatiente avant chaque s\u00e9ance, je savais que j\u2019allais pouvoir voir l\u2019a\u0302me de mon be\u0301be\u0301 et des images de notre futur enfant. Aujourd\u2019hui, mon fils a 10 mois et j'ai pu constater que les images que j\u2019avais vues de mon enfant correspondent \u00e0 ce que je peux voir aujourd'hui. Lors des diffe\u0301rentes se\u0301ances je l\u2019ai vu adorer l\u2019eau, ce qui est le cas depuis sa naissance. Il faut entendre ses grands cris de joie, lorsque je fais couler l'eau pour son bain. Je l\u2019avais aussi vu tout bouboule et depuis qu'il est n\u00e9, mon be\u0301be\u0301 est effectivement bien dodu. Je l'ai vu beaucoup rire lors d'une des s\u00e9ances. Notre fils vit la vie avec e\u0301norme\u0301ment de joie, a des fous rires, il vit chacune de ses e\u0301motions avec beaucoup d\u2019intensite\u0301. Chaque une des se\u0301ances a e\u0301te\u0301 un moment magique et tellement importante pour moi, que si un jour nous devions avoir un autre be\u0301be\u0301, nous referions le me\u0302me accompagnement.<\/p>\n<p>&nbsp;<\/p>\n<h4>B\u00e9n\u00e9diction d'accouchement<\/h4>\n<p>J'ai v\u00e9cu la\u00a0<a href=\"https:\/\/incarnationconsciente.ch\/index.php\/services\/benediction-de-naissance\/\" target=\"_blank\" rel=\"noopener\"><strong>be\u0301ne\u0301diction d\u2019accouchement<\/strong><\/a>\u00a0comme une <strong>bulle de bien e\u0302tre<\/strong>, avec a\u0300 la fin lors du retour e\u0301crit de Rebekka un grand re\u0301confort. Apr\u00e8s la b\u00e9n\u00e9diction, je me sentais totalement en se\u0301curite\u0301 et prot\u00e9g\u00e9e pour accoucher chez moi a\u0300 la maison.<\/p>\n<p>&nbsp;<\/p>\n<h4>Accompagnement de l'accouchement<\/h4>\n<\/div>\n<\/div>\n<\/div>\n<div class=\"page\" title=\"Page 2\">\n<div class=\"layoutArea\">\n<div class=\"column\">\n<p>L\u2019<a href=\"https:\/\/incarnationconsciente.ch\/index.php\/accouchement\/\" target=\"_blank\" rel=\"noopener\"><strong>accompagnement de l\u2019accouchement<\/strong><\/a> a e\u0301te\u0301 pour nous<strong> essentiel.<\/strong>\u00a0Nous sommes tre\u0300s reconnaissants envers Rebekka pour toute l\u2019aide qu\u2019elle nous a apporte\u0301 durant la naissance de notre fils. Quelle chance nous avons eu de l\u2019avoir a\u0300 nos co\u0302te\u0301s (a\u0300 distance) durant tout l\u2019accouchement ! Elle nous a\u0300 beaucoup aider a\u0300 avancer dans le travail, sans elle et son aide pre\u0301cieuse, je ne sais pas si mon fils aurait pu na\u00eetre a\u0300 la maison ou si nous aurions du aller a\u0300 l\u2019ho\u0302pital. Le re\u0301cit que Rebekka nous a envoye\u0301 apre\u0300s l\u2019accouchement, nous a aussi aider a comprendre pourquoi be\u0301be\u0301 e\u0301tait bloque\u0301 et pourquoi le placenta ne voulait pas se de\u0301tacher, enfin pluto\u0302t pourquoi je n\u2019arrivais pas a\u0300 le la\u0302cher...<\/p>\n<p>Une immense merci encore pour cet accompagnement tout au long d\u2019un des moments les plus important de ma vie. Merci, du plus profond de notre c\u0153ur.<\/p>\n<p>&nbsp;<\/p>\n<h4>Retour d'un Kin\u00e9siologue<\/h4>\n<p>Vers les 3 mois de notre fils, nous avons fait une se\u0301ance chez une kine\u0301siologue. Elle a e\u0301te\u0301 tre\u0300s surprise de voir que<strong> notre fils n\u2019avait aucun traumatisme lie\u0301 a\u0300 la grossesse et l\u2019accouchement<\/strong>, ce qu\u2019elle n\u2019avait encore jamais vu durant sa vie professionnelle. Nous savons avec mon mari que c\u2019est gra\u0302ce a\u0300 l\u2019accompagnement de Rebekka tout au long de ces mois, que nous avons la grande chance d\u2019avoir accueilli un enfant sans traumatismes et avec une a\u0302me bien incarn\u00e9e. Depuis sa naissance, il est tre\u0300s claire dans ses expressions de ses besoins, il sait se qu\u2019il veut, ce dont il a besoin et comment y arriver.<\/p>\n<p>Je conseille a\u0300 toutes les femmes qui souhaitent une grossesse et un enfantement en conscience de prendre contacte avec Rebekka, elle nous a tellement apporte\u0301e.<\/p>\n<p>&nbsp;<\/p>\n<p>Vanessa Hajek<\/p>\n<p><a href=\"https:\/\/www.vanessahajek.ch\/\" target=\"_blank\" rel=\"noopener\">Accompagnement femme-maman-b\u00e9b\u00e9<\/a><\/p>\n<p>&nbsp;<\/p>\n<\/div>\n<\/div>\n<\/div>\n<\/div>\n<\/div><\/div><\/div><\/div><\/div>","protected":false},"excerpt":{"rendered":"<p>T\u00e9moignage d&rsquo;un accompagnement complet d&rsquo;Incarnation Consciente &nbsp; Nous avons eu l\u2019immense chance de pouvoir faire toute l\u2019aventure de notre pre\u0301conception, grossesse et accouchement accompagne\u0301s par Rebekka. Ce fut pour nous [&hellip;]<\/p>\n","protected":false},"author":1,"featured_media":6646,"comment_status":"open","ping_status":"closed","sticky":false,"template":"elementor_header_footer","format":"standard","meta":{"footnotes":""},"categories":[61,31,33],"tags":[],"class_list":["post-6630","post","type-post","status-publish","format-standard","has-post-thumbnail","hentry","category-conception","category-grossesse","category-naissance"],"yoast_head":"<!-- This site is optimized with the Yoast SEO plugin v24.9 - https:\/\/yoast.com\/wordpress\/plugins\/seo\/ -->\n<title>Pr\u00e9conception jusqu&#039;\u00e0 l&#039;accouchement - Incarnation consciente<\/title>\n<meta name=\"description\" content=\"T\u00e9moignage : de la pr\u00e9conception jusqu&#039;\u00e0 l&#039;accouchement. Comment V. a vecu l&#039;accompagnement entier de l&#039;Incarnation Consciente.\" \/>\n<meta name=\"robots\" content=\"index, follow, max-snippet:-1, max-image-preview:large, max-video-preview:-1\" \/>\n<link rel=\"canonical\" href=\"https:\/\/incarnationconsciente.ch\/index.php\/2022\/12\/09\/preconception-jusqua-laccouchement\/\" \/>\n<meta property=\"og:locale\" content=\"fr_FR\" \/>\n<meta property=\"og:type\" content=\"article\" \/>\n<meta property=\"og:title\" content=\"Pr\u00e9conception jusqu&#039;\u00e0 l&#039;accouchement - Incarnation consciente\" \/>\n<meta property=\"og:description\" content=\"T\u00e9moignage : de la pr\u00e9conception jusqu&#039;\u00e0 l&#039;accouchement. Comment V. a vecu l&#039;accompagnement entier de l&#039;Incarnation Consciente.\" \/>\n<meta property=\"og:url\" content=\"https:\/\/incarnationconsciente.ch\/index.php\/2022\/12\/09\/preconception-jusqua-laccouchement\/\" \/>\n<meta property=\"og:site_name\" content=\"Incarnation consciente\" \/>\n<meta property=\"article:published_time\" content=\"2022-12-09T17:55:12+00:00\" \/>\n<meta property=\"article:modified_time\" content=\"2023-04-25T14:59:28+00:00\" \/>\n<meta property=\"og:image\" content=\"https:\/\/incarnationconsciente.ch\/wp-content\/uploads\/2022\/12\/IMG_2687_edited_edited.jpg-1-e1670627137174.webp\" \/>\n\t<meta property=\"og:image:width\" content=\"800\" \/>\n\t<meta property=\"og:image:height\" content=\"600\" \/>\n\t<meta property=\"og:image:type\" content=\"image\/webp\" \/>\n<meta name=\"author\" content=\"Rebekka G Specht\" \/>\n<meta name=\"twitter:card\" content=\"summary_large_image\" \/>\n<meta name=\"twitter:label1\" content=\"\u00c9crit par\" \/>\n\t<meta name=\"twitter:data1\" content=\"Rebekka G Specht\" \/>\n\t<meta name=\"twitter:label2\" content=\"Dur\u00e9e de lecture estim\u00e9e\" \/>\n\t<meta name=\"twitter:data2\" content=\"5 minutes\" \/>\n<script type=\"application\/ld+json\" class=\"yoast-schema-graph\">{\"@context\":\"https:\/\/schema.org\",\"@graph\":[{\"@type\":\"WebPage\",\"@id\":\"https:\/\/incarnationconsciente.ch\/index.php\/2022\/12\/09\/preconception-jusqua-laccouchement\/\",\"url\":\"https:\/\/incarnationconsciente.ch\/index.php\/2022\/12\/09\/preconception-jusqua-laccouchement\/\",\"name\":\"Pr\u00e9conception jusqu'\u00e0 l'accouchement - Incarnation consciente\",\"isPartOf\":{\"@id\":\"https:\/\/incarnationconsciente.ch\/#website\"},\"primaryImageOfPage\":{\"@id\":\"https:\/\/incarnationconsciente.ch\/index.php\/2022\/12\/09\/preconception-jusqua-laccouchement\/#primaryimage\"},\"image\":{\"@id\":\"https:\/\/incarnationconsciente.ch\/index.php\/2022\/12\/09\/preconception-jusqua-laccouchement\/#primaryimage\"},\"thumbnailUrl\":\"https:\/\/incarnationconsciente.ch\/wp-content\/uploads\/2022\/12\/IMG_2687_edited_edited.jpg-1-e1670627137174.webp\",\"datePublished\":\"2022-12-09T17:55:12+00:00\",\"dateModified\":\"2023-04-25T14:59:28+00:00\",\"author\":{\"@id\":\"https:\/\/incarnationconsciente.ch\/#\/schema\/person\/640f61f4e65f96071562a56530f803b0\"},\"description\":\"T\u00e9moignage : de la pr\u00e9conception jusqu'\u00e0 l'accouchement. Comment V. a vecu l'accompagnement entier de l'Incarnation Consciente.\",\"breadcrumb\":{\"@id\":\"https:\/\/incarnationconsciente.ch\/index.php\/2022\/12\/09\/preconception-jusqua-laccouchement\/#breadcrumb\"},\"inLanguage\":\"fr-FR\",\"potentialAction\":[{\"@type\":\"ReadAction\",\"target\":[\"https:\/\/incarnationconsciente.ch\/index.php\/2022\/12\/09\/preconception-jusqua-laccouchement\/\"]}]},{\"@type\":\"ImageObject\",\"inLanguage\":\"fr-FR\",\"@id\":\"https:\/\/incarnationconsciente.ch\/index.php\/2022\/12\/09\/preconception-jusqua-laccouchement\/#primaryimage\",\"url\":\"https:\/\/incarnationconsciente.ch\/wp-content\/uploads\/2022\/12\/IMG_2687_edited_edited.jpg-1-e1670627137174.webp\",\"contentUrl\":\"https:\/\/incarnationconsciente.ch\/wp-content\/uploads\/2022\/12\/IMG_2687_edited_edited.jpg-1-e1670627137174.webp\",\"width\":800,\"height\":600,\"caption\":\"Vanessa Hajek T\u00e9moignage : de la pr\u00e9conception jusqu'\u00e0 l'accouchement\"},{\"@type\":\"BreadcrumbList\",\"@id\":\"https:\/\/incarnationconsciente.ch\/index.php\/2022\/12\/09\/preconception-jusqua-laccouchement\/#breadcrumb\",\"itemListElement\":[{\"@type\":\"ListItem\",\"position\":1,\"name\":\"Home\",\"item\":\"https:\/\/incarnationconsciente.ch\/\"},{\"@type\":\"ListItem\",\"position\":2,\"name\":\"De la pr\u00e9conception jusqu&#8217;\u00e0 l&#8217;accouchement\"}]},{\"@type\":\"WebSite\",\"@id\":\"https:\/\/incarnationconsciente.ch\/#website\",\"url\":\"https:\/\/incarnationconsciente.ch\/\",\"name\":\"Incarnation consciente\",\"description\":\"pour un accueil \u00e9veill\u00e9 &amp; une naissance spirituelle respectueuse\",\"potentialAction\":[{\"@type\":\"SearchAction\",\"target\":{\"@type\":\"EntryPoint\",\"urlTemplate\":\"https:\/\/incarnationconsciente.ch\/?s={search_term_string}\"},\"query-input\":{\"@type\":\"PropertyValueSpecification\",\"valueRequired\":true,\"valueName\":\"search_term_string\"}}],\"inLanguage\":\"fr-FR\"},{\"@type\":\"Person\",\"@id\":\"https:\/\/incarnationconsciente.ch\/#\/schema\/person\/640f61f4e65f96071562a56530f803b0\",\"name\":\"Rebekka G Specht\",\"image\":{\"@type\":\"ImageObject\",\"inLanguage\":\"fr-FR\",\"@id\":\"https:\/\/incarnationconsciente.ch\/#\/schema\/person\/image\/\",\"url\":\"https:\/\/secure.gravatar.com\/avatar\/ba370e1d0919ab46d187d559a499a7e372ab5ccd7ed110f224a8eda29d9aea0f?s=96&d=mm&r=g\",\"contentUrl\":\"https:\/\/secure.gravatar.com\/avatar\/ba370e1d0919ab46d187d559a499a7e372ab5ccd7ed110f224a8eda29d9aea0f?s=96&d=mm&r=g\",\"caption\":\"Rebekka G Specht\"},\"url\":\"https:\/\/incarnationconsciente.ch\/index.php\/author\/lavoix_v8339ise\/\"}]}<\/script>\n<!-- \/ Yoast SEO plugin. -->","yoast_head_json":{"title":"Pr\u00e9conception jusqu'\u00e0 l'accouchement - Incarnation consciente","description":"T\u00e9moignage : de la pr\u00e9conception jusqu'\u00e0 l'accouchement. Comment V. a vecu l'accompagnement entier de l'Incarnation Consciente.","robots":{"index":"index","follow":"follow","max-snippet":"max-snippet:-1","max-image-preview":"max-image-preview:large","max-video-preview":"max-video-preview:-1"},"canonical":"https:\/\/incarnationconsciente.ch\/index.php\/2022\/12\/09\/preconception-jusqua-laccouchement\/","og_locale":"fr_FR","og_type":"article","og_title":"Pr\u00e9conception jusqu'\u00e0 l'accouchement - Incarnation consciente","og_description":"T\u00e9moignage : de la pr\u00e9conception jusqu'\u00e0 l'accouchement. Comment V. a vecu l'accompagnement entier de l'Incarnation Consciente.","og_url":"https:\/\/incarnationconsciente.ch\/index.php\/2022\/12\/09\/preconception-jusqua-laccouchement\/","og_site_name":"Incarnation consciente","article_published_time":"2022-12-09T17:55:12+00:00","article_modified_time":"2023-04-25T14:59:28+00:00","og_image":[{"width":800,"height":600,"url":"https:\/\/incarnationconsciente.ch\/wp-content\/uploads\/2022\/12\/IMG_2687_edited_edited.jpg-1-e1670627137174.webp","type":"image\/webp"}],"author":"Rebekka G Specht","twitter_card":"summary_large_image","twitter_misc":{"\u00c9crit par":"Rebekka G Specht","Dur\u00e9e de lecture estim\u00e9e":"5 minutes"},"schema":{"@context":"https:\/\/schema.org","@graph":[{"@type":"WebPage","@id":"https:\/\/incarnationconsciente.ch\/index.php\/2022\/12\/09\/preconception-jusqua-laccouchement\/","url":"https:\/\/incarnationconsciente.ch\/index.php\/2022\/12\/09\/preconception-jusqua-laccouchement\/","name":"Pr\u00e9conception jusqu'\u00e0 l'accouchement - Incarnation consciente","isPartOf":{"@id":"https:\/\/incarnationconsciente.ch\/#website"},"primaryImageOfPage":{"@id":"https:\/\/incarnationconsciente.ch\/index.php\/2022\/12\/09\/preconception-jusqua-laccouchement\/#primaryimage"},"image":{"@id":"https:\/\/incarnationconsciente.ch\/index.php\/2022\/12\/09\/preconception-jusqua-laccouchement\/#primaryimage"},"thumbnailUrl":"https:\/\/incarnationconsciente.ch\/wp-content\/uploads\/2022\/12\/IMG_2687_edited_edited.jpg-1-e1670627137174.webp","datePublished":"2022-12-09T17:55:12+00:00","dateModified":"2023-04-25T14:59:28+00:00","author":{"@id":"https:\/\/incarnationconsciente.ch\/#\/schema\/person\/640f61f4e65f96071562a56530f803b0"},"description":"T\u00e9moignage : de la pr\u00e9conception jusqu'\u00e0 l'accouchement. Comment V. a vecu l'accompagnement entier de l'Incarnation Consciente.","breadcrumb":{"@id":"https:\/\/incarnationconsciente.ch\/index.php\/2022\/12\/09\/preconception-jusqua-laccouchement\/#breadcrumb"},"inLanguage":"fr-FR","potentialAction":[{"@type":"ReadAction","target":["https:\/\/incarnationconsciente.ch\/index.php\/2022\/12\/09\/preconception-jusqua-laccouchement\/"]}]},{"@type":"ImageObject","inLanguage":"fr-FR","@id":"https:\/\/incarnationconsciente.ch\/index.php\/2022\/12\/09\/preconception-jusqua-laccouchement\/#primaryimage","url":"https:\/\/incarnationconsciente.ch\/wp-content\/uploads\/2022\/12\/IMG_2687_edited_edited.jpg-1-e1670627137174.webp","contentUrl":"https:\/\/incarnationconsciente.ch\/wp-content\/uploads\/2022\/12\/IMG_2687_edited_edited.jpg-1-e1670627137174.webp","width":800,"height":600,"caption":"Vanessa Hajek T\u00e9moignage : de la pr\u00e9conception jusqu'\u00e0 l'accouchement"},{"@type":"BreadcrumbList","@id":"https:\/\/incarnationconsciente.ch\/index.php\/2022\/12\/09\/preconception-jusqua-laccouchement\/#breadcrumb","itemListElement":[{"@type":"ListItem","position":1,"name":"Home","item":"https:\/\/incarnationconsciente.ch\/"},{"@type":"ListItem","position":2,"name":"De la pr\u00e9conception jusqu&#8217;\u00e0 l&#8217;accouchement"}]},{"@type":"WebSite","@id":"https:\/\/incarnationconsciente.ch\/#website","url":"https:\/\/incarnationconsciente.ch\/","name":"Incarnation consciente","description":"pour un accueil \u00e9veill\u00e9 &amp; une naissance spirituelle respectueuse","potentialAction":[{"@type":"SearchAction","target":{"@type":"EntryPoint","urlTemplate":"https:\/\/incarnationconsciente.ch\/?s={search_term_string}"},"query-input":{"@type":"PropertyValueSpecification","valueRequired":true,"valueName":"search_term_string"}}],"inLanguage":"fr-FR"},{"@type":"Person","@id":"https:\/\/incarnationconsciente.ch\/#\/schema\/person\/640f61f4e65f96071562a56530f803b0","name":"Rebekka G Specht","image":{"@type":"ImageObject","inLanguage":"fr-FR","@id":"https:\/\/incarnationconsciente.ch\/#\/schema\/person\/image\/","url":"https:\/\/secure.gravatar.com\/avatar\/ba370e1d0919ab46d187d559a499a7e372ab5ccd7ed110f224a8eda29d9aea0f?s=96&d=mm&r=g","contentUrl":"https:\/\/secure.gravatar.com\/avatar\/ba370e1d0919ab46d187d559a499a7e372ab5ccd7ed110f224a8eda29d9aea0f?s=96&d=mm&r=g","caption":"Rebekka G Specht"},"url":"https:\/\/incarnationconsciente.ch\/index.php\/author\/lavoix_v8339ise\/"}]}},"_links":{"self":[{"href":"https:\/\/incarnationconsciente.ch\/index.php\/wp-json\/wp\/v2\/posts\/6630","targetHints":{"allow":["GET"]}}],"collection":[{"href":"https:\/\/incarnationconsciente.ch\/index.php\/wp-json\/wp\/v2\/posts"}],"about":[{"href":"https:\/\/incarnationconsciente.ch\/index.php\/wp-json\/wp\/v2\/types\/post"}],"author":[{"embeddable":true,"href":"https:\/\/incarnationconsciente.ch\/index.php\/wp-json\/wp\/v2\/users\/1"}],"replies":[{"embeddable":true,"href":"https:\/\/incarnationconsciente.ch\/index.php\/wp-json\/wp\/v2\/comments?post=6630"}],"version-history":[{"count":24,"href":"https:\/\/incarnationconsciente.ch\/index.php\/wp-json\/wp\/v2\/posts\/6630\/revisions"}],"predecessor-version":[{"id":7203,"href":"https:\/\/incarnationconsciente.ch\/index.php\/wp-json\/wp\/v2\/posts\/6630\/revisions\/7203"}],"wp:featuredmedia":[{"embeddable":true,"href":"https:\/\/incarnationconsciente.ch\/index.php\/wp-json\/wp\/v2\/media\/6646"}],"wp:attachment":[{"href":"https:\/\/incarnationconsciente.ch\/index.php\/wp-json\/wp\/v2\/media?parent=6630"}],"wp:term":[{"taxonomy":"category","embeddable":true,"href":"https:\/\/incarnationconsciente.ch\/index.php\/wp-json\/wp\/v2\/categories?post=6630"},{"taxonomy":"post_tag","embeddable":true,"href":"https:\/\/incarnationconsciente.ch\/index.php\/wp-json\/wp\/v2\/tags?post=6630"}],"curies":[{"name":"wp","href":"https:\/\/api.w.org\/{rel}","templated":true}]}}